{"id":285,"date":"2011-08-10T11:44:02","date_gmt":"2011-08-10T11:44:02","guid":{"rendered":"http:\/\/www.cofarco.com.ar\/?p=175"},"modified":"2011-08-10T11:44:02","modified_gmt":"2011-08-10T11:44:02","slug":"atencion-farmaceutica-principios-basicos","status":"publish","type":"post","link":"https:\/\/cofarco.com.ar\/ar\/2011\/08\/10\/atencion-farmaceutica-principios-basicos\/","title":{"rendered":"Atenci\u00f3n Farmac\u00e9utica. Principios B\u00e1sicos"},"content":{"rendered":"<p><strong>CURSO PRESENCIAL<\/strong><\/p>\n<p><strong>Atenci\u00f3n Farmac\u00e9utica. Principios B\u00e1sicos<\/strong><\/p>\n<p><strong>Lugar<\/strong>: Colegio de Farmac\u00e9uticos de la Provincia de Corrientes.<\/p>\n<p><strong>Direcci\u00f3n<\/strong>: Santa F\u00e9 1186, Corrientes (3.400).<\/p>\n<p><strong>Entidades Organizadoras<\/strong>: Colegio de Farmac\u00e9uticos de la Provincia de Corrientes.<\/p>\n<p><strong>Fechas<\/strong>: S\u00e1bado 19 de Noviembre de 2011.<\/p>\n<p><strong>Horario<\/strong>: 15 hs.<\/p>\n<p><strong>Valor<\/strong>:\u00a0Colegiados: Gratis.<\/p>\n<p>No Colegiados: $100.<\/p>\n<p><strong>Temario<\/strong>:<\/p>\n<ul>\n<li>Historia.<\/li>\n<li>Definiciones del Concepto.<\/li>\n<li>Rol del Farmac\u00e9utico en su aplicaci\u00f3n.<\/li>\n<li>Consensos sobre AF.<\/li>\n<li>Conceptos y resoluciones de PRM, PRH y FI.<\/li>\n<li>Estudio de Casos<\/li>\n<\/ul>\n<div><strong>Docente<\/strong>: Dr. Gerardo A. Fridman.<\/div>\n<div><\/div>\n<ul>\n<li>Doctor de la Universidad de Buenos Aires.<\/li>\n<li>Docente de la C\u00e1tedra de Farmacia Cl\u00ednica de la Facultad de Farmacia y Bioqu\u00edmica de la Universidad de Buenos Aires.<\/li>\n<li>Docente de la Maestr\u00eda en Atenci\u00f3n Farmac\u00e9utica de la Universidad Andina Sim\u00f3n Bol\u00edvar. Sucre, Bolivia.<\/li>\n<li>Miembro del Colegio Norteamericano de Farmac\u00e9uticos Psiquiatras y Neur\u00f3logos.<\/li>\n<li>Miembro del Grupo Europeo de Farmac\u00e9uticos Psiquiatras y Neur\u00f3logos.<\/li>\n<li>Creador y Miembro de la Comisi\u00f3n Cient\u00edfica del Colegio de Farmac\u00e9uticos de la Provincia de Corrientes.<\/li>\n<li>Miembro de la Subcomisi\u00f3n de Farmacia Oficinal de la Comisi\u00f3n Permanente de Farmacopea Nacional Argentina VII Edici\u00f3n.<\/li>\n<li>Miembro del Comit\u00e9 Nacional de Certificaci\u00f3n y Recertificaci\u00f3n Profesional.<\/li>\n<\/ul>\n<p><strong><em>Otorga Cr\u00e9ditos para la Certificaci\u00f3n Profesional<\/em><\/strong><\/p>\n","protected":false},"excerpt":{"rendered":"<p>Categor\u00eda: Cursos<\/p>\n","protected":false},"author":1,"featured_media":0,"comment_status":"open","ping_status":"open","sticky":false,"template":"","format":"standard","meta":{"footnotes":""},"categories":[68,69],"tags":[],"class_list":["post-285","post","type-post","status-publish","format-standard","hentry","category-cursos","category-profesionales"],"_links":{"self":[{"href":"https:\/\/cofarco.com.ar\/ar\/wp-json\/wp\/v2\/posts\/285","targetHints":{"allow":["GET"]}}],"collection":[{"href":"https:\/\/cofarco.com.ar\/ar\/wp-json\/wp\/v2\/posts"}],"about":[{"href":"https:\/\/cofarco.com.ar\/ar\/wp-json\/wp\/v2\/types\/post"}],"author":[{"embeddable":true,"href":"https:\/\/cofarco.com.ar\/ar\/wp-json\/wp\/v2\/users\/1"}],"replies":[{"embeddable":true,"href":"https:\/\/cofarco.com.ar\/ar\/wp-json\/wp\/v2\/comments?post=285"}],"version-history":[{"count":0,"href":"https:\/\/cofarco.com.ar\/ar\/wp-json\/wp\/v2\/posts\/285\/revisions"}],"wp:attachment":[{"href":"https:\/\/cofarco.com.ar\/ar\/wp-json\/wp\/v2\/media?parent=285"}],"wp:term":[{"taxonomy":"category","embeddable":true,"href":"https:\/\/cofarco.com.ar\/ar\/wp-json\/wp\/v2\/categories?post=285"},{"taxonomy":"post_tag","embeddable":true,"href":"https:\/\/cofarco.com.ar\/ar\/wp-json\/wp\/v2\/tags?post=285"}],"curies":[{"name":"wp","href":"https:\/\/api.w.org\/{rel}","templated":true}]}}