{"id":286,"date":"2011-08-12T23:45:13","date_gmt":"2011-08-12T23:45:13","guid":{"rendered":"http:\/\/www.cofarco.com.ar\/?p=82"},"modified":"2018-09-17T03:16:09","modified_gmt":"2018-09-17T03:16:09","slug":"jornada-politica-en-seguridad-del-medicamento","status":"publish","type":"post","link":"https:\/\/cofarco.com.ar\/ar\/2011\/08\/12\/jornada-politica-en-seguridad-del-medicamento\/","title":{"rendered":"Jornada Politica en Seguridad del Medicamento"},"content":{"rendered":"<p>FECHA:31 AGO 2011<\/p>\n<p>LUGAR:HOTEL AMERIAN RESISTENCIA\u2013 CHACO \u2013<\/p>\n<p>ORGANIZAN: MSP CHACO \u2013 PROYECTO UNOPS ARG\/09\/R37<\/p>\n<p><strong>08:30 &#8211; 10:00 ACREDITACI\u00d3N<\/strong><\/p>\n<p><strong>10:00 &#8211; 10:30 APERTURA<\/strong><\/p>\n<p>DR. JORGE CAPITANICH &#8211; \u00a0Gobernador Provincia del Chaco<\/p>\n<p>DR. FRANCISCO BAQUERO &#8211; \u00a0Ministro de Salud Provincia del Chaco<\/p>\n<p><strong>10:30 &#8211; 12:30 NUEVAS ESTRATEGIAS EN SEGURIDAD DE MEDICAMENTOS<\/strong><\/p>\n<p>DR. ANDR\u00c9S LEIBOVICH &#8211; Subsecretario de Pol\u00edticas, Regulaci\u00f3n y Fiscalizaci\u00f3n del Ministerio de Salud de la Naci\u00f3n.<\/p>\n<p>Orador MSP Chaco a designar por Dr. Baquero<\/p>\n<p>Dr. Alejandro Salvador Acosta \u2013 Subsecretario de Planificaci\u00f3n de la Salud \u00a0MSP Prov. de Buenos Aires<\/p>\n<p>DRA. SILVIA BONI &#8211; Jefa del Departamento de Registro y Asuntos Reglamentarios de ANMAT<\/p>\n<p>DR. RICARDO AIZCORBE \u00a0&#8211; \u00a0Presidente de la Confederaci\u00f3n Farmac\u00e9utica Argentina.<\/p>\n<p>MG. PATRICIA DASTE \u2013 Presidente de la Sociedad Argentina de Auditor\u00eda y Gesti\u00f3n Sanitaria<\/p>\n<p>Coordinaci\u00f3n: DR. CARLOS A. D\u00cdAZ (Universidad ISALUD )<\/p>\n<p><strong>12:30 \u2013 14:00 RECESO<\/strong><\/p>\n<p><strong>14:00 \u2013 16:00 IDENTIFICACI\u00d3N Y TRAZABILIDAD FARMAC\u00c9UTICA<\/strong><\/p>\n<p>DRA. MAR\u00cdA JOS\u00c9 S\u00c1NCHEZ &#8211; Directora del Programa Nacional de Pesquisa de Medicamentos Ileg\u00edtimos ANMAT<\/p>\n<p>DRA. SILVIA BEATRIZ CAMPOS &#8211; AAFH Presidenta de la Asociaci\u00f3n Argentina de Farmac\u00e9uticos de Hospital.<\/p>\n<p>Representante Log\u00edstica y distribuci\u00f3nCORREO ARGENTINO<\/p>\n<p>LIC. LEONEL VITALE &#8211; \u00a0Jefe de log\u00edstica de Globalfarm<\/p>\n<p>Representante Industria Lab.ROCHE<\/p>\n<p>MARIO ABITBOL &#8211; L\u00edder Desarrollo Salud GS1 Argentina<\/p>\n<p>Coordinaci\u00f3n: Dra. Cristina Corsi \u00a0(MSP Naci\u00f3n )<\/p>\n<p><strong>16:00 \u2013 16:30 BREAK<\/strong><\/p>\n<p><strong>16:30 \u2013 18:00 CIERRE<\/strong><\/p>\n<p>MAR\u00cdA NOEL VAEZA &#8211; Directora Regional de UNOPS para Am\u00e9rica Latina y el Caribe<\/p>\n<p>JAVIER MANZANARES \u2013 Country Director UNOPS Argentina<\/p>\n<p>Representante de OPS a designar<\/p>\n<p>LIC. MIGUEL \u00c1NGEL ZANABRIA &#8211; Director de Proyectos de Cooperaci\u00f3n Internacional Canciller\u00eda Argentina<\/p>\n<p>Coordinaci\u00f3n:EDGAR GENNI -Programme Officer \u00a0UNOPS Buenos Aires, Argentina<\/p>\n","protected":false},"excerpt":{"rendered":"<p>Categoria: Conferencias<\/p>\n","protected":false},"author":1,"featured_media":0,"comment_status":"open","ping_status":"open","sticky":false,"template":"","format":"standard","meta":{"footnotes":""},"categories":[68,69],"tags":[],"class_list":["post-286","post","type-post","status-publish","format-standard","hentry","category-cursos","category-profesionales"],"_links":{"self":[{"href":"https:\/\/cofarco.com.ar\/ar\/wp-json\/wp\/v2\/posts\/286","targetHints":{"allow":["GET"]}}],"collection":[{"href":"https:\/\/cofarco.com.ar\/ar\/wp-json\/wp\/v2\/posts"}],"about":[{"href":"https:\/\/cofarco.com.ar\/ar\/wp-json\/wp\/v2\/types\/post"}],"author":[{"embeddable":true,"href":"https:\/\/cofarco.com.ar\/ar\/wp-json\/wp\/v2\/users\/1"}],"replies":[{"embeddable":true,"href":"https:\/\/cofarco.com.ar\/ar\/wp-json\/wp\/v2\/comments?post=286"}],"version-history":[{"count":1,"href":"https:\/\/cofarco.com.ar\/ar\/wp-json\/wp\/v2\/posts\/286\/revisions"}],"predecessor-version":[{"id":1961,"href":"https:\/\/cofarco.com.ar\/ar\/wp-json\/wp\/v2\/posts\/286\/revisions\/1961"}],"wp:attachment":[{"href":"https:\/\/cofarco.com.ar\/ar\/wp-json\/wp\/v2\/media?parent=286"}],"wp:term":[{"taxonomy":"category","embeddable":true,"href":"https:\/\/cofarco.com.ar\/ar\/wp-json\/wp\/v2\/categories?post=286"},{"taxonomy":"post_tag","embeddable":true,"href":"https:\/\/cofarco.com.ar\/ar\/wp-json\/wp\/v2\/tags?post=286"}],"curies":[{"name":"wp","href":"https:\/\/api.w.org\/{rel}","templated":true}]}}