{"id":3081,"date":"2019-07-11T15:48:16","date_gmt":"2019-07-11T18:48:16","guid":{"rendered":"http:\/\/cofarco.com.ar\/ar\/?p=3081"},"modified":"2019-07-11T15:48:16","modified_gmt":"2019-07-11T18:48:16","slug":"cofarco-dono-un-televisor-a-escuela-especial","status":"publish","type":"post","link":"https:\/\/cofarco.com.ar\/ar\/2019\/07\/11\/cofarco-dono-un-televisor-a-escuela-especial\/","title":{"rendered":"Cofarco don\u00f3 un televisor a escuela especial"},"content":{"rendered":"<p>Como lo hace cada a\u00f1o, el Colegio de Farmac\u00e9uticos de la Provincia de Corrientes ejecuta acciones solidarias con el prop\u00f3sito de asistir a sectores vulnerables. En ese marco, este 11 de julio se entreg\u00f3 un televisor a la escuela especial N\u00b0 22 de la localidad de Bella Vista.<\/p>\n<p>La donaci\u00f3n consisti\u00f3 en un televisor Smart de 43\u201d y fue gestionada por iniciativa de profesionales asociados a la instituci\u00f3n.<\/p>\n<p>En representaci\u00f3n del Colegio, participaron de la entrega los farmac\u00e9uticos Amarilla Mayra, Galv\u00e1n Mar\u00eda de los \u00c1ngeles, Rial Pablo y Rius Augusto. Alumnos, docentes y directivos de la instituci\u00f3n recibieron con alegr\u00eda la ayuda que les permitir\u00e1 mejorar el desarrollo de sus clases con la incorporaci\u00f3n de contenidos audiovisuales, la proyecci\u00f3n de documentales, v\u00eddeos y pel\u00edculas.<\/p>\n<p>La donaci\u00f3n responde a una pol\u00edtica social que sostiene el Colegio de Farmac\u00e9uticos de la Provincia de Corrientes hace a\u00f1os, con el prop\u00f3sito de brindar ayuda a sectores de escasos recursos en distintos puntos de la provincia.<\/p>\n<p><img fetchpriority=\"high\" decoding=\"async\" class=\"alignnone size-medium wp-image-3082\" src=\"https:\/\/cofarco.com.ar\/ar\/wp-content\/uploads\/2019\/07\/donacion-533x400.jpg\" alt=\"\" width=\"533\" height=\"400\" \/> <img decoding=\"async\" class=\"alignnone size-medium wp-image-3083\" src=\"https:\/\/cofarco.com.ar\/ar\/wp-content\/uploads\/2019\/07\/donacion1-533x400.jpg\" alt=\"\" width=\"533\" height=\"400\" \/> <img decoding=\"async\" class=\"alignnone size-medium wp-image-3084\" src=\"https:\/\/cofarco.com.ar\/ar\/wp-content\/uploads\/2019\/07\/donacion2-533x400.jpg\" alt=\"\" width=\"533\" height=\"400\" \/> <img loading=\"lazy\" decoding=\"async\" class=\"alignnone size-medium wp-image-3085\" src=\"https:\/\/cofarco.com.ar\/ar\/wp-content\/uploads\/2019\/07\/donacion3-533x400.jpg\" alt=\"\" width=\"533\" height=\"400\" \/><\/p>\n","protected":false},"excerpt":{"rendered":"<p>Como lo hace cada a\u00f1o, el Colegio de Farmac\u00e9uticos de la Provincia de Corrientes ejecuta acciones solidarias con el prop\u00f3sito de asistir a sectores vulnerables. En ese marco, este 11 de julio se entreg\u00f3 un televisor a la escuela especial N\u00b0 22 de la localidad de Bella Vista. La donaci\u00f3n consisti\u00f3 en un televisor Smart [&#8230;]\n","protected":false},"author":2,"featured_media":0,"comment_status":"open","ping_status":"open","sticky":false,"template":"","format":"standard","meta":{"footnotes":""},"categories":[71],"tags":[],"class_list":["post-3081","post","type-post","status-publish","format-standard","hentry","category-noticias"],"_links":{"self":[{"href":"https:\/\/cofarco.com.ar\/ar\/wp-json\/wp\/v2\/posts\/3081","targetHints":{"allow":["GET"]}}],"collection":[{"href":"https:\/\/cofarco.com.ar\/ar\/wp-json\/wp\/v2\/posts"}],"about":[{"href":"https:\/\/cofarco.com.ar\/ar\/wp-json\/wp\/v2\/types\/post"}],"author":[{"embeddable":true,"href":"https:\/\/cofarco.com.ar\/ar\/wp-json\/wp\/v2\/users\/2"}],"replies":[{"embeddable":true,"href":"https:\/\/cofarco.com.ar\/ar\/wp-json\/wp\/v2\/comments?post=3081"}],"version-history":[{"count":1,"href":"https:\/\/cofarco.com.ar\/ar\/wp-json\/wp\/v2\/posts\/3081\/revisions"}],"predecessor-version":[{"id":3086,"href":"https:\/\/cofarco.com.ar\/ar\/wp-json\/wp\/v2\/posts\/3081\/revisions\/3086"}],"wp:attachment":[{"href":"https:\/\/cofarco.com.ar\/ar\/wp-json\/wp\/v2\/media?parent=3081"}],"wp:term":[{"taxonomy":"category","embeddable":true,"href":"https:\/\/cofarco.com.ar\/ar\/wp-json\/wp\/v2\/categories?post=3081"},{"taxonomy":"post_tag","embeddable":true,"href":"https:\/\/cofarco.com.ar\/ar\/wp-json\/wp\/v2\/tags?post=3081"}],"curies":[{"name":"wp","href":"https:\/\/api.w.org\/{rel}","templated":true}]}}