{"id":311,"date":"2013-07-25T18:49:50","date_gmt":"2013-07-25T18:49:50","guid":{"rendered":"http:\/\/www.cofarco.com.ar\/?p=311"},"modified":"2013-07-25T18:49:50","modified_gmt":"2013-07-25T18:49:50","slug":"congreso-farmaceutico-argentinosudamericanopanamericano","status":"publish","type":"post","link":"https:\/\/cofarco.com.ar\/ar\/2013\/07\/25\/congreso-farmaceutico-argentinosudamericanopanamericano\/","title":{"rendered":"CONGRESO FARMACEUTICO ARGENTINO\/SUDAMERICANO\/PANAMERICANO"},"content":{"rendered":"<p style=\"text-align: justify;\">&#8220;EL FARMAC\u00c9UTICO COMO GARANTE DE LA CALIDAD Y EL USO RACIONAL DEL MEDICAMENTO&#8221; ser\u00e0 el tema central del encuentro internacional que se desarrollar\u00e1 <span style=\"color: #339966;\">entre el 3 y 5 de octubre en la cuidad de Salta .<\/span><\/p>\n<p style=\"text-align: center;\"><a href=\"http:\/\/www.cofarco.com.ar\/wp-content\/uploads\/2013\/07\/congresoh1.jpg\"><img fetchpriority=\"high\" decoding=\"async\" class=\"wp-image-313\" alt=\"congresoh1\" src=\"http:\/\/www.cofarco.com.ar\/wp-content\/uploads\/2013\/07\/congresoh1-300x212.jpg\" width=\"300\" height=\"212\" \/><\/a><\/p>\n<p><span style=\"text-decoration: underline;\"><span style=\"color: #003366; text-decoration: underline;\">Costos\u00a0:<\/span><\/span><\/p>\n<p>\u00a0\u00a0\u00a0\u00a0\u00a0\u00a0\u00a0\u00a0\u00a0\u00a0\u00a0\u00a0\u00a0\u00a0\u00a0\u00a0\u00a0\u00a0\u00a0\u00a0\u00a0<span style=\"text-decoration: underline;\"><span style=\"color: #008000; text-decoration: underline;\">Farmac\u00e9uticos:<\/span><\/span> $1250 hasta 31\/08\/2013 , $1450 hasta 30\/09\/13 . Incluye INSCRIPCI\u00d3N, COCTEL BIENVENIDA, 3 ALMUERZOS Y CENA DE CIERRE.<\/p>\n<p>\u00a0\u00a0\u00a0\u00a0\u00a0\u00a0\u00a0\u00a0\u00a0\u00a0\u00a0\u00a0\u00a0\u00a0\u00a0\u00a0\u00a0\u00a0\u00a0\u00a0 <span style=\"text-decoration: underline;\"><span style=\"color: #008000; text-decoration: underline;\">Acompa\u00f1antes:<\/span><\/span> $625 hasta 31\/08\/2013 , $700 hasta 30\/09\/2013 . Incluye\u00a0 COCTEL DE BIENVENIDA Y CENA DE CIERRE.<\/p>\n<p><span style=\"text-decoration: underline;\"><span style=\"color: #00ff00; text-decoration: underline;\">LAS BECAS SER\u00c1N OTORGADAS SEG\u00daN DISPONIBILIDAD\u00a0A AQUELLOS COLEGAS ASOCIADOS CON SU CUOTA AL D\u00cdA,QUIENES DEBER\u00c1N INCRIBIRSE\u00a0LLAMANDO AL COLEGIO.<\/span><\/span><\/p>\n<p>LA INSCRIPCI\u00d3N SE REALIZAR\u00c1 EN FORMA PERSONAL INGRESANDO A LA P\u00c1GINA DE COFA <a href=\"http:\/\/www.cofa.org.ar\/\">www.cofa.org.ar<\/a><\/p>\n<p>&nbsp;<\/p>\n<p>&nbsp;<\/p>\n","protected":false},"excerpt":{"rendered":"<p>&#8220;EL FARMAC\u00c9UTICO COMO GARANTE DE LA CALIDAD Y EL USO RACIONAL DEL MEDICAMENTO&#8221; ser\u00e0 el tema central del encuentro internacional que se desarrollar\u00e1 entre el 3 y 5 de octubre en la cuidad de Salta . Costos\u00a0: \u00a0\u00a0\u00a0\u00a0\u00a0\u00a0\u00a0\u00a0\u00a0\u00a0\u00a0\u00a0\u00a0\u00a0\u00a0\u00a0\u00a0\u00a0\u00a0\u00a0\u00a0Farmac\u00e9uticos: $1250 hasta 31\/08\/2013 , $1450 hasta 30\/09\/13 . Incluye INSCRIPCI\u00d3N, COCTEL BIENVENIDA, 3 ALMUERZOS Y CENA DE [&#8230;]\n","protected":false},"author":1,"featured_media":0,"comment_status":"open","ping_status":"open","sticky":false,"template":"","format":"standard","meta":{"footnotes":""},"categories":[72],"tags":[],"class_list":["post-311","post","type-post","status-publish","format-standard","hentry","category-sin-categoria"],"_links":{"self":[{"href":"https:\/\/cofarco.com.ar\/ar\/wp-json\/wp\/v2\/posts\/311","targetHints":{"allow":["GET"]}}],"collection":[{"href":"https:\/\/cofarco.com.ar\/ar\/wp-json\/wp\/v2\/posts"}],"about":[{"href":"https:\/\/cofarco.com.ar\/ar\/wp-json\/wp\/v2\/types\/post"}],"author":[{"embeddable":true,"href":"https:\/\/cofarco.com.ar\/ar\/wp-json\/wp\/v2\/users\/1"}],"replies":[{"embeddable":true,"href":"https:\/\/cofarco.com.ar\/ar\/wp-json\/wp\/v2\/comments?post=311"}],"version-history":[{"count":0,"href":"https:\/\/cofarco.com.ar\/ar\/wp-json\/wp\/v2\/posts\/311\/revisions"}],"wp:attachment":[{"href":"https:\/\/cofarco.com.ar\/ar\/wp-json\/wp\/v2\/media?parent=311"}],"wp:term":[{"taxonomy":"category","embeddable":true,"href":"https:\/\/cofarco.com.ar\/ar\/wp-json\/wp\/v2\/categories?post=311"},{"taxonomy":"post_tag","embeddable":true,"href":"https:\/\/cofarco.com.ar\/ar\/wp-json\/wp\/v2\/tags?post=311"}],"curies":[{"name":"wp","href":"https:\/\/api.w.org\/{rel}","templated":true}]}}