{"id":3153,"date":"2019-08-06T10:59:14","date_gmt":"2019-08-06T13:59:14","guid":{"rendered":"http:\/\/cofarco.com.ar\/ar\/?p=3153"},"modified":"2019-09-10T14:14:18","modified_gmt":"2019-09-10T17:14:18","slug":"campana-renova-el-cepillo-en-tu-farmacia","status":"publish","type":"post","link":"https:\/\/cofarco.com.ar\/ar\/2019\/08\/06\/campana-renova-el-cepillo-en-tu-farmacia\/","title":{"rendered":"Campa\u00f1a \u201cRenov\u00e1 el cepillo en tu Farmacia\u201d &#8211; M\u00e1s detalles y costos"},"content":{"rendered":"<p>El 21 de septiembre, juntamente con la llegada de la primavera, la COFA lanzar\u00e1 una nueva campa\u00f1a sanitaria junto con la Confederaci\u00f3n Odontol\u00f3gica de la Rep\u00fablica Argentina (CORA), cepillos dentales VITIS (laboratorio DENTAID) y la Asociaci\u00f3n de Distribuidores de Especialidades<br \/>\nMedicinales (ADEM).<br \/>\nLa campa\u00f1a tendr\u00e1 vigencia hasta el 21 de octubre en las farmacias de la RedCOFA, en donde se podr\u00e1n canjear cepillos de dientes usados por cepillos dentales nuevos con un 50% de descuento.<\/p>\n<p>Se dar\u00e1 difusi\u00f3n a trav\u00e9s de todos los medios digitales, se enviar\u00e1n comunicados de prensa contando la acci\u00f3n, se hablar\u00e1 en los programas de TV de la COFA y en otros a los que podr\u00edamos ser invitados, se enviar\u00e1 un afiche por farmacia, se publicar\u00e1 en las revistas de las entidades organizadoras y otras acciones que hagan a la difusi\u00f3n de la campa\u00f1a.<br \/>\nLas farmacias que quieran sumarse a esta acci\u00f3n de concientizaci\u00f3n, fidelizaci\u00f3n y cuidado del medio ambiente, lo podr\u00e1n hacer online en www.siafar.com durante el mes de agosto.<br \/>\nA las farmacias participantes se les estar\u00e1n enviando:<br \/>\n\u2022 Afiche promocional.<br \/>\n\u2022 Sitio web espec\u00edfico para que los usuarios puedan saber los lugares de canje.<br \/>\n\u2022 Urna contenedora de los cepillos usados.<br \/>\nTodo cepillo que sea canjeado por la farmacia podr\u00e1 ser comprado en las droguer\u00edas con un precio que compensa el descuento efectuado al momento del cambio. Para esto se habilitar\u00e1 en SIAFAR una pesta\u00f1a donde la farmacia cargar\u00e1 el DNI y el modelo de cepillo que se le entrega al paciente generando de esta manera la reposici\u00f3n del mismo a precio de campa\u00f1a. Se le solicitar\u00e1 a la farmacia al momento de la inscripci\u00f3n que elija con qu\u00e9 droguer\u00eda operar\u00e1, para que el sistema informe al laboratorio y \u00e9ste a la droguer\u00eda.<br \/>\nLos cepillos usados ser\u00e1n reciclados para luego ser donados a una entidad ben\u00e9fica. Se est\u00e1 trabajando con el sindicato del pl\u00e1stico para analizar esta etapa y cu\u00e1les ser\u00edan las posibilidades de utilizaci\u00f3n del producto reciclado.<br \/>\nCuando se habla del cuidado del medio ambiente, el objetivo es la protecci\u00f3n del planeta, adquiriendo h\u00e1bitos o costumbres sencillas que permitan reducir la contaminaci\u00f3n, ahorrar energ\u00eda y conservar los diferentes recursos naturales.<br \/>\nEsta acci\u00f3n conjunta es una nueva oportunidad para valorizar el rol sanitario de la farmacia, contribuyendo a la promoci\u00f3n de la salud bucal, y a la vez ayudar al cuidado del ecosistema que vivimos.<br \/>\nEn la edici\u00f3n n\u00famero 202 de julio de 2019 de Correo Farmac\u00e9utico encontrar\u00e1 en p\u00e1gina central el afiche de la campa\u00f1a para que lo exhiba en su farmacia durante la campa\u00f1a.<br \/>\nLas farmacias que se sumen a la campa\u00f1a van a participar de diversos sorteos y al finalizar se les otorgar\u00e1 un certificado de FARMACIA COMPROMETIDA CON LA SALUD DE LOS PACIENTES y EL MEDIO AMBIENTE.<br \/>\n<strong>Implementaci\u00f3n de la campa\u00f1a en las farmacias<\/strong><br \/>\nEsta campa\u00f1a es exclusiva para farmacias pertenecientes a la REDCOFA. A la farmacia inscripta se le habilitar\u00e1 en SIAFAR una pesta\u00f1a denominada campa\u00f1a de salud bucal.<br \/>\nLa farmacia adherida recibir\u00e1 a trav\u00e9s de su droguer\u00eda integral asociada a ADEM la urna y el afiche de la campa\u00f1a, tambi\u00e9n podr\u00e1 disponer de m\u00e1s afiches que se encuentran en el n\u00famero 202 de julio de 2019 de la revista Correo Farmac\u00e9utico en las p\u00e1ginas centrales.<br \/>\nPara esta campa\u00f1a se dispondr\u00e1n de dos modelos de cepillos a saber:<br \/>\n\u2022 VITIS SUAVE CEP DENT X 1 c\u00f3digo 8427426006461<br \/>\n\u2022 VITIS MEDIO CEP DENT X 1 c\u00f3digo 8427426006485<br \/>\nCada vez que canjee un cepillo dental VITIS se ingresar\u00e1 a www.siafar.com y se cargar\u00e1 el DNI y el modelo del cepillo entregado. Si el paciente canjea m\u00e1s de un cepillo se deber\u00e1n cargar individualmente identificando los DNI de las dem\u00e1s personas. Se le indicar\u00e1 a su cliente que<br \/>\ncoloque el o los cepillos usados en la urna destinada para tal fin.<br \/>\nEl sistema SIAFAR ser\u00e1 el encargado de informar a la droguer\u00eda, seleccionada al momento de adherir la farmacia a la campa\u00f1a, para que \u00e9sta haga la reposici\u00f3n del cepillo canjeado a precio especial de campa\u00f1a. De esta manera la farmacia mantiene el margen de comercializaci\u00f3n a partir<br \/>\ndel nuevo precio, que ser\u00e1 de un 30% desde el nuevo costo.<br \/>\nLa droguer\u00eda enviar\u00e1 el o los cepillos canjeados en el pr\u00f3ximo pedido que haga a la farmacia, a partir de tomar conocimiento a trav\u00e9s del sistema SIAFAR del pedido de la misma.<br \/>\n<img fetchpriority=\"high\" decoding=\"async\" class=\"alignnone size-full wp-image-3375\" src=\"https:\/\/cofarco.com.ar\/ar\/wp-content\/uploads\/2019\/08\/precios.png\" alt=\"\" width=\"750\" height=\"123\" \/><br \/>\nEs condici\u00f3n indispensable para acceder a este precio el pedido de cada uno de los canjes a trav\u00e9s de SIAFAR.<br \/>\nLa inscripci\u00f3n para sumarse a la campa\u00f1a estar\u00e1 abierta mientras dure la misma, de esta manera una farmacia se podr\u00e1 sumar en cualquier momento. En ese caso, no recibir\u00e1 la urna ni el afiche por una cuesti\u00f3n operativa, pero s\u00ed podr\u00e1 canjear cepillos a precio de la campa\u00f1a, ya que se le habilitar\u00e1 el sistema SIAFAR.<br \/>\nAtte.<br \/>\nRedCOFA de farmacias.<\/p>\n<p><img decoding=\"async\" class=\"alignnone size-medium wp-image-3154\" src=\"https:\/\/cofarco.com.ar\/ar\/wp-content\/uploads\/2019\/08\/67661291_2266758510087189_4690524781710147584_n-514x400.jpg\" alt=\"\" width=\"514\" height=\"400\" \/><\/p>\n","protected":false},"excerpt":{"rendered":"<p>El 21 de septiembre, juntamente con la llegada de la primavera, la COFA lanzar\u00e1 una nueva campa\u00f1a sanitaria junto con la Confederaci\u00f3n Odontol\u00f3gica de la Rep\u00fablica Argentina (CORA), cepillos dentales VITIS (laboratorio DENTAID) y la Asociaci\u00f3n de Distribuidores de Especialidades Medicinales (ADEM). La campa\u00f1a tendr\u00e1 vigencia hasta el 21 de octubre en las farmacias de [&#8230;]\n","protected":false},"author":2,"featured_media":0,"comment_status":"open","ping_status":"open","sticky":false,"template":"","format":"standard","meta":{"footnotes":""},"categories":[71],"tags":[],"class_list":["post-3153","post","type-post","status-publish","format-standard","hentry","category-noticias"],"_links":{"self":[{"href":"https:\/\/cofarco.com.ar\/ar\/wp-json\/wp\/v2\/posts\/3153","targetHints":{"allow":["GET"]}}],"collection":[{"href":"https:\/\/cofarco.com.ar\/ar\/wp-json\/wp\/v2\/posts"}],"about":[{"href":"https:\/\/cofarco.com.ar\/ar\/wp-json\/wp\/v2\/types\/post"}],"author":[{"embeddable":true,"href":"https:\/\/cofarco.com.ar\/ar\/wp-json\/wp\/v2\/users\/2"}],"replies":[{"embeddable":true,"href":"https:\/\/cofarco.com.ar\/ar\/wp-json\/wp\/v2\/comments?post=3153"}],"version-history":[{"count":6,"href":"https:\/\/cofarco.com.ar\/ar\/wp-json\/wp\/v2\/posts\/3153\/revisions"}],"predecessor-version":[{"id":3376,"href":"https:\/\/cofarco.com.ar\/ar\/wp-json\/wp\/v2\/posts\/3153\/revisions\/3376"}],"wp:attachment":[{"href":"https:\/\/cofarco.com.ar\/ar\/wp-json\/wp\/v2\/media?parent=3153"}],"wp:term":[{"taxonomy":"category","embeddable":true,"href":"https:\/\/cofarco.com.ar\/ar\/wp-json\/wp\/v2\/categories?post=3153"},{"taxonomy":"post_tag","embeddable":true,"href":"https:\/\/cofarco.com.ar\/ar\/wp-json\/wp\/v2\/tags?post=3153"}],"curies":[{"name":"wp","href":"https:\/\/api.w.org\/{rel}","templated":true}]}}