{"id":3175,"date":"2019-08-08T08:56:53","date_gmt":"2019-08-08T11:56:53","guid":{"rendered":"http:\/\/cofarco.com.ar\/ar\/?p=3175"},"modified":"2019-08-08T08:56:53","modified_gmt":"2019-08-08T11:56:53","slug":"convenio-pami-acta-17-baja-de-medicamentos","status":"publish","type":"post","link":"https:\/\/cofarco.com.ar\/ar\/2019\/08\/08\/convenio-pami-acta-17-baja-de-medicamentos\/","title":{"rendered":"Convenio PAMI &#8211; Acta 17 &#8220;BAJA de medicamentos&#8221;"},"content":{"rendered":"<p>Nos dirigimos a Uds. a fin de informar que el PAMI ha emitido el Acta 17 de la Comisi\u00f3n de Convenio marco de Adhesi\u00f3n 2018 y Convenio<br \/>\nEspec\u00edfico PAMI &#8211; Laboratorio Adherente y su Adenda Convenio 2019, comunicando bajas de medicamentos en el vadem\u00e9cum del Convenio de<br \/>\nprestaciones.<br \/>\nEl Acta 17 establece una serie de bajas en Anexo III, cuyo cambio ser\u00e1 impactado en el vadem\u00e9cum el 6 de septiembre pr\u00f3ximo.<\/p>\n<p>Saludos COFA.<\/p>\n<p><img fetchpriority=\"high\" decoding=\"async\" class=\"alignnone size-medium wp-image-3176\" src=\"https:\/\/cofarco.com.ar\/ar\/wp-content\/uploads\/2019\/08\/Bajas-aprobadas-534x400.png\" alt=\"\" width=\"534\" height=\"400\" \/><\/p>\n","protected":false},"excerpt":{"rendered":"<p>Nos dirigimos a Uds. a fin de informar que el PAMI ha emitido el Acta 17 de la Comisi\u00f3n de Convenio marco de Adhesi\u00f3n 2018 y Convenio Espec\u00edfico PAMI &#8211; Laboratorio Adherente y su Adenda Convenio 2019, comunicando bajas de medicamentos en el vadem\u00e9cum del Convenio de prestaciones. El Acta 17 establece una serie de [&#8230;]\n","protected":false},"author":2,"featured_media":0,"comment_status":"open","ping_status":"open","sticky":false,"template":"","format":"standard","meta":{"footnotes":""},"categories":[1],"tags":[],"class_list":["post-3175","post","type-post","status-publish","format-standard","hentry","category-uncategorized"],"_links":{"self":[{"href":"https:\/\/cofarco.com.ar\/ar\/wp-json\/wp\/v2\/posts\/3175","targetHints":{"allow":["GET"]}}],"collection":[{"href":"https:\/\/cofarco.com.ar\/ar\/wp-json\/wp\/v2\/posts"}],"about":[{"href":"https:\/\/cofarco.com.ar\/ar\/wp-json\/wp\/v2\/types\/post"}],"author":[{"embeddable":true,"href":"https:\/\/cofarco.com.ar\/ar\/wp-json\/wp\/v2\/users\/2"}],"replies":[{"embeddable":true,"href":"https:\/\/cofarco.com.ar\/ar\/wp-json\/wp\/v2\/comments?post=3175"}],"version-history":[{"count":1,"href":"https:\/\/cofarco.com.ar\/ar\/wp-json\/wp\/v2\/posts\/3175\/revisions"}],"predecessor-version":[{"id":3177,"href":"https:\/\/cofarco.com.ar\/ar\/wp-json\/wp\/v2\/posts\/3175\/revisions\/3177"}],"wp:attachment":[{"href":"https:\/\/cofarco.com.ar\/ar\/wp-json\/wp\/v2\/media?parent=3175"}],"wp:term":[{"taxonomy":"category","embeddable":true,"href":"https:\/\/cofarco.com.ar\/ar\/wp-json\/wp\/v2\/categories?post=3175"},{"taxonomy":"post_tag","embeddable":true,"href":"https:\/\/cofarco.com.ar\/ar\/wp-json\/wp\/v2\/tags?post=3175"}],"curies":[{"name":"wp","href":"https:\/\/api.w.org\/{rel}","templated":true}]}}