{"id":3261,"date":"2019-08-26T14:46:23","date_gmt":"2019-08-26T17:46:23","guid":{"rendered":"http:\/\/cofarco.com.ar\/ar\/?p=3261"},"modified":"2019-08-26T14:46:23","modified_gmt":"2019-08-26T17:46:23","slug":"oportunidad-laboral-direccion-tecnica-en-parana-entre-rios","status":"publish","type":"post","link":"https:\/\/cofarco.com.ar\/ar\/2019\/08\/26\/oportunidad-laboral-direccion-tecnica-en-parana-entre-rios\/","title":{"rendered":"Oportunidad laboral: Direcci\u00f3n T\u00e9cnica en Paran\u00e1 (Entre R\u00edos)"},"content":{"rendered":"<p>Se necesita para empresa regional un Director T\u00e9cnico para cargo en la Ciudad de Paran\u00e1. Se adjunta el enlace de la publicaci\u00f3n:<\/p>\n<p><a id=\"LPlnk447107\" href=\"http:\/\/www.irigoitiaromero.com.ar\/laboral\/87-direccion-tecnica\" target=\"_blank\" rel=\"noopener noreferrer\" data-auth=\"NotApplicable\">http:\/\/www.irigoitiaromero.com.ar\/laboral\/87-direccion-tecnica<\/a><\/p>\n<p>Por consultas o postulaciones comunicarse con el Lic. Alvaro Irigoitia\u00a0 Romero, MAIL: alvaro.irigoitia@gmail.com , Tel: 0343 4316707, Cel:<br \/>\n0343 154501478.-<\/p>\n<p>COFARCO.-<\/p>\n","protected":false},"excerpt":{"rendered":"<p>Se necesita para empresa regional un Director T\u00e9cnico para cargo en la Ciudad de Paran\u00e1. Se adjunta el enlace de la publicaci\u00f3n: http:\/\/www.irigoitiaromero.com.ar\/laboral\/87-direccion-tecnica Por consultas o postulaciones comunicarse con el Lic. Alvaro Irigoitia\u00a0 Romero, MAIL: alvaro.irigoitia@gmail.com , Tel: 0343 4316707, Cel: 0343 154501478.- COFARCO.-<\/p>\n","protected":false},"author":2,"featured_media":0,"comment_status":"open","ping_status":"open","sticky":false,"template":"","format":"standard","meta":{"footnotes":""},"categories":[73],"tags":[],"class_list":["post-3261","post","type-post","status-publish","format-standard","hentry","category-ofertas-laborales"],"_links":{"self":[{"href":"https:\/\/cofarco.com.ar\/ar\/wp-json\/wp\/v2\/posts\/3261","targetHints":{"allow":["GET"]}}],"collection":[{"href":"https:\/\/cofarco.com.ar\/ar\/wp-json\/wp\/v2\/posts"}],"about":[{"href":"https:\/\/cofarco.com.ar\/ar\/wp-json\/wp\/v2\/types\/post"}],"author":[{"embeddable":true,"href":"https:\/\/cofarco.com.ar\/ar\/wp-json\/wp\/v2\/users\/2"}],"replies":[{"embeddable":true,"href":"https:\/\/cofarco.com.ar\/ar\/wp-json\/wp\/v2\/comments?post=3261"}],"version-history":[{"count":1,"href":"https:\/\/cofarco.com.ar\/ar\/wp-json\/wp\/v2\/posts\/3261\/revisions"}],"predecessor-version":[{"id":3262,"href":"https:\/\/cofarco.com.ar\/ar\/wp-json\/wp\/v2\/posts\/3261\/revisions\/3262"}],"wp:attachment":[{"href":"https:\/\/cofarco.com.ar\/ar\/wp-json\/wp\/v2\/media?parent=3261"}],"wp:term":[{"taxonomy":"category","embeddable":true,"href":"https:\/\/cofarco.com.ar\/ar\/wp-json\/wp\/v2\/categories?post=3261"},{"taxonomy":"post_tag","embeddable":true,"href":"https:\/\/cofarco.com.ar\/ar\/wp-json\/wp\/v2\/tags?post=3261"}],"curies":[{"name":"wp","href":"https:\/\/api.w.org\/{rel}","templated":true}]}}