{"id":327,"date":"2014-08-25T19:22:19","date_gmt":"2014-08-25T19:22:19","guid":{"rendered":"http:\/\/www.cofarco.com.ar\/?p=327"},"modified":"2014-08-25T19:22:19","modified_gmt":"2014-08-25T19:22:19","slug":"farmaceuticos-presentaron-anteproyecto-de-ley-para-regular-el-sector","status":"publish","type":"post","link":"https:\/\/cofarco.com.ar\/ar\/2014\/08\/25\/farmaceuticos-presentaron-anteproyecto-de-ley-para-regular-el-sector\/","title":{"rendered":"Farmac\u00e9uticos presentaron proyecto para regular el sector"},"content":{"rendered":"<p>La Comisi\u00f3n Directiva del Colegio de Farmac\u00e9uticos de Corrientes present\u00f3 este a\u00f1o un anteproyecto de ley que propone regular de forma definitiva la actividad del sector. La iniciativa surgi\u00f3 a ra\u00edz de varias irregularidades que detectaron en el \u00e1rea, referidas a la matriculaci\u00f3n. La propuesta fue entregada en el mes de mayo al presidente de la C\u00e1mara de Diputados, Pedro Cassani.<br \/>\n\u201cConversamos sobre el Colegio de Ley ya que actualmente no tenemos la colegiaci\u00f3n obligatoria; estamos asociados al colegio voluntariamente y creemos que es muy importante que todos los colegios profesionales sean de ley de modo que con la regulaci\u00f3n de la matr\u00edcula se tenga control sobre los locales que est\u00e1n habilitados como farmacias para poder expender medicamentos\u201d, dijo en la ocasi\u00f3n Silvia Rodr\u00edguez, presidenta del Colegio de Farmac\u00e9uticos.<br \/>\nEn este marco record\u00f3 que en la provincia es el Ministerio de Salud P\u00fablica el encargado de la fiscalizaci\u00f3n de las farmacias, pero tambi\u00e9n coment\u00f3 que este control, en otras jurisdicciones, lo realiza la cartera sanitaria junto a los colegios de farmac\u00e9uticos.<br \/>\n\u201cQueremos regular la actividad y que todo funcione como corresponde y como manda la ley. Por ahora, la matriculaci\u00f3n est\u00e1 a cargo del Ministerio de Salud P\u00fablica y la inspecci\u00f3n tambi\u00e9n\u201d, indic\u00f3 Rodr\u00edguez.<br \/>\nRespecto a la reuni\u00f3n con el presidente de la C\u00e1mara de Diputados, Pedro Cassani, se\u00f1al\u00f3 que tuvieron una muy buena respuesta. \u201cEntregamos el anteproyecto y \u00e9l lo va a discutir con el Ministerio de Salud P\u00fablica y luego, de acuerdo a la opini\u00f3n de las autoridades sanitarias, evaluar\u00e1 la factibilidad de aprobar el proyecto y que llegue a buen t\u00e9rmino\u201d, puntualiz\u00f3.<br \/>\n<a href=\"http:\/\/www.cofarco.com.ar\/wp-content\/uploads\/2014\/08\/Famaceuticos.jpg\"><img fetchpriority=\"high\" decoding=\"async\" src=\"http:\/\/www.cofarco.com.ar\/wp-content\/uploads\/2014\/08\/Famaceuticos-300x224.jpg\" alt=\"Famaceuticos\" width=\"300\" height=\"224\" class=\"alignleft size-medium wp-image-328\" \/><\/a><\/p>\n","protected":false},"excerpt":{"rendered":"<p>La Comisi\u00f3n Directiva del Colegio de Farmac\u00e9uticos de Corrientes present\u00f3 este a\u00f1o un anteproyecto de ley que propone regular de forma definitiva la actividad del sector. La iniciativa surgi\u00f3 a ra\u00edz de varias irregularidades que detectaron en el \u00e1rea, referidas a la matriculaci\u00f3n. La propuesta fue entregada en el mes de mayo al presidente de [&#8230;]\n","protected":false},"author":1,"featured_media":0,"comment_status":"open","ping_status":"open","sticky":false,"template":"","format":"standard","meta":{"footnotes":""},"categories":[72],"tags":[],"class_list":["post-327","post","type-post","status-publish","format-standard","hentry","category-sin-categoria"],"_links":{"self":[{"href":"https:\/\/cofarco.com.ar\/ar\/wp-json\/wp\/v2\/posts\/327","targetHints":{"allow":["GET"]}}],"collection":[{"href":"https:\/\/cofarco.com.ar\/ar\/wp-json\/wp\/v2\/posts"}],"about":[{"href":"https:\/\/cofarco.com.ar\/ar\/wp-json\/wp\/v2\/types\/post"}],"author":[{"embeddable":true,"href":"https:\/\/cofarco.com.ar\/ar\/wp-json\/wp\/v2\/users\/1"}],"replies":[{"embeddable":true,"href":"https:\/\/cofarco.com.ar\/ar\/wp-json\/wp\/v2\/comments?post=327"}],"version-history":[{"count":0,"href":"https:\/\/cofarco.com.ar\/ar\/wp-json\/wp\/v2\/posts\/327\/revisions"}],"wp:attachment":[{"href":"https:\/\/cofarco.com.ar\/ar\/wp-json\/wp\/v2\/media?parent=327"}],"wp:term":[{"taxonomy":"category","embeddable":true,"href":"https:\/\/cofarco.com.ar\/ar\/wp-json\/wp\/v2\/categories?post=327"},{"taxonomy":"post_tag","embeddable":true,"href":"https:\/\/cofarco.com.ar\/ar\/wp-json\/wp\/v2\/tags?post=327"}],"curies":[{"name":"wp","href":"https:\/\/api.w.org\/{rel}","templated":true}]}}