{"id":3455,"date":"2019-10-02T16:43:31","date_gmt":"2019-10-02T19:43:31","guid":{"rendered":"http:\/\/cofarco.com.ar\/ar\/?p=3455"},"modified":"2019-10-02T16:43:31","modified_gmt":"2019-10-02T19:43:31","slug":"corrientes-sede-de-los-xxv-juegos-deportivos-farmaceuticos","status":"publish","type":"post","link":"https:\/\/cofarco.com.ar\/ar\/2019\/10\/02\/corrientes-sede-de-los-xxv-juegos-deportivos-farmaceuticos\/","title":{"rendered":"Corrientes, sede de los XXV Juegos Deportivos Farmac\u00e9uticos"},"content":{"rendered":"<p>La pr\u00f3xima edici\u00f3n de los Juegos Deportivos Farmac\u00e9uticos tendr\u00e1 lugar en la ciudad de Corrientes los d\u00edas 2, 3 y 4 de abril del 2020, organizada por la Confederaci\u00f3n Farmac\u00e9utica Argentina (COFA) y el Colegio de Farmac\u00e9uticos de la Provincia de Corrientes (COFARCO).<\/p>\n<p>Seremos anfitriones de la XXV Edici\u00f3n de uno de eventos nacionales m\u00e1s esperados de todo el a\u00f1o por los profesionales farmac\u00e9uticos. Sin duda ser\u00e1 una ocasi\u00f3n para encontrarnos en otro \u00e1mbito distinto al laboral, para compartir experiencias, competir en distintas disciplinas y categor\u00edas y estrechar v\u00ednculos de compa\u00f1erismo y camarader\u00eda. Pero por sobre todo, tendremos la oportunidad de mostrar y compartir las riquezas tur\u00edsticas y culturales de nuestra tierra correntina.<\/p>\n<p>El Colegio de Farmac\u00e9uticos de Corrientes trabaja hace unos meses en la organizaci\u00f3n de este encuentro, para que todos podamos disfrutar de tres jornadas deportivas juntos a profesionales que llegar\u00e1n desde distintos puntos del pa\u00eds. \u00a1Est\u00e1n todos invitados a participar!<\/p>\n<p><img fetchpriority=\"high\" decoding=\"async\" class=\"alignnone size-medium wp-image-3456\" src=\"https:\/\/cofarco.com.ar\/ar\/wp-content\/uploads\/2019\/10\/JDF2020-286x400.png\" alt=\"\" width=\"286\" height=\"400\" \/><\/p>\n","protected":false},"excerpt":{"rendered":"<p>La pr\u00f3xima edici\u00f3n de los Juegos Deportivos Farmac\u00e9uticos tendr\u00e1 lugar en la ciudad de Corrientes los d\u00edas 2, 3 y 4 de abril del 2020, organizada por la Confederaci\u00f3n Farmac\u00e9utica Argentina (COFA) y el Colegio de Farmac\u00e9uticos de la Provincia de Corrientes (COFARCO). Seremos anfitriones de la XXV Edici\u00f3n de uno de eventos nacionales m\u00e1s [&#8230;]\n","protected":false},"author":2,"featured_media":0,"comment_status":"open","ping_status":"open","sticky":false,"template":"","format":"standard","meta":{"footnotes":""},"categories":[71],"tags":[],"class_list":["post-3455","post","type-post","status-publish","format-standard","hentry","category-noticias"],"_links":{"self":[{"href":"https:\/\/cofarco.com.ar\/ar\/wp-json\/wp\/v2\/posts\/3455","targetHints":{"allow":["GET"]}}],"collection":[{"href":"https:\/\/cofarco.com.ar\/ar\/wp-json\/wp\/v2\/posts"}],"about":[{"href":"https:\/\/cofarco.com.ar\/ar\/wp-json\/wp\/v2\/types\/post"}],"author":[{"embeddable":true,"href":"https:\/\/cofarco.com.ar\/ar\/wp-json\/wp\/v2\/users\/2"}],"replies":[{"embeddable":true,"href":"https:\/\/cofarco.com.ar\/ar\/wp-json\/wp\/v2\/comments?post=3455"}],"version-history":[{"count":1,"href":"https:\/\/cofarco.com.ar\/ar\/wp-json\/wp\/v2\/posts\/3455\/revisions"}],"predecessor-version":[{"id":3457,"href":"https:\/\/cofarco.com.ar\/ar\/wp-json\/wp\/v2\/posts\/3455\/revisions\/3457"}],"wp:attachment":[{"href":"https:\/\/cofarco.com.ar\/ar\/wp-json\/wp\/v2\/media?parent=3455"}],"wp:term":[{"taxonomy":"category","embeddable":true,"href":"https:\/\/cofarco.com.ar\/ar\/wp-json\/wp\/v2\/categories?post=3455"},{"taxonomy":"post_tag","embeddable":true,"href":"https:\/\/cofarco.com.ar\/ar\/wp-json\/wp\/v2\/tags?post=3455"}],"curies":[{"name":"wp","href":"https:\/\/api.w.org\/{rel}","templated":true}]}}