{"id":348,"date":"2014-08-26T20:03:41","date_gmt":"2014-08-26T20:03:41","guid":{"rendered":"http:\/\/www.cofarco.com.ar\/?p=348"},"modified":"2014-08-26T20:03:41","modified_gmt":"2014-08-26T20:03:41","slug":"conferencia-rol-institucional-y-social-de-las-entidades-profesionales","status":"publish","type":"post","link":"https:\/\/cofarco.com.ar\/ar\/2014\/08\/26\/conferencia-rol-institucional-y-social-de-las-entidades-profesionales\/","title":{"rendered":"Conferencia \u201cRol Institucional y Social de las entidades profesionales\u201d"},"content":{"rendered":"<p>Miembros de la Comisi\u00f3n Directiva del Colegio de Farmac\u00e9uticos de Corrientes \u00a0participaron el mi\u00e9rcoles 27 de agosto, de la\u00a0conferencia sobre Colegiaci\u00f3n P\u00fablica \u201cRol Institucional y Social de las Entidades Profesionales\u201d que se realiz\u00f3 \u00a0en el Sal\u00f3n Auditorio del Colegio P\u00fablico de Abogados de la Primera Circunscripci\u00f3n de Corrientes, para\u00a0profesionales universitarios y estudiantes, entidades que nuclean a las distintas profesiones universitarias y no universitarias, y p\u00fablico en general.<\/p>\n<p>La disertaci\u00f3n estuvo a cargo del Doctor Carlos Andreucci y fue organizada por la Federaci\u00f3n de Entidades Profesionales Universitarias de Corrientes, con el auspicio del Colegio P\u00fablico de Abogados de la Primera Circunscripci\u00f3n de Corrientes y del Consejo Profesional de la Ingenier\u00eda Arquitectura y Agrimensura de la Provincia de Corrientes.<\/p>\n<p>Carlos Andreucci es Abogado graduado en la UNLP en 1975; Especialista en Derecho Administrativo graduado en la UNLP &#8211; Conjuez de la Suprema Corte de Justicia de la Prov. de Bs.As. Profesor Titular Ordinario de la Catedra I . Der Adm. I de la UNLP.- Profesor Invitado en universidades nacionales y extranjeras.- Conjuez del Tribunal Fiscal de Apelaci\u00f3n de la Provincia de Bs.As. Distinguido por el Reino de Espa\u00f1a con la Gran Cruz de San Raimundo de Pe\u00f1afort.- autor de diversos art\u00edculos de la especialidad \u2013 Ex Consejero del Consejo de la Magistratura de la Naci\u00f3n \u2013 Ex Presidente de la F.A.C.A. &#8211; FEDERACI\u00d3N ARGENTINA DE COLEGIOS DE ABOGADOS \u2013 Ex Presidente Pro Tempore de la COADEM \u2013 CONSEJO DE COLEGIOS Y ORDENES DE ABOGADOS DEL MERCOSUR 2012\/2014\u2013 Ex Vicepresidente de la UIA \u2013 UNION INTERAMERICANA DE ABOGADOS<a href=\"http:\/\/www.cofarco.com.ar\/wp-content\/uploads\/2014\/08\/IMG_2927.jpg\"><img fetchpriority=\"high\" decoding=\"async\" class=\"alignright size-medium wp-image-387\" alt=\"IMG_2927\" src=\"http:\/\/www.cofarco.com.ar\/wp-content\/uploads\/2014\/08\/IMG_2927-300x200.jpg\" width=\"300\" height=\"200\" \/><\/a> <a href=\"http:\/\/www.cofarco.com.ar\/wp-content\/uploads\/2014\/08\/IMG_2928.jpg\"><img decoding=\"async\" class=\"alignleft size-medium wp-image-388\" alt=\"IMG_2928\" src=\"http:\/\/www.cofarco.com.ar\/wp-content\/uploads\/2014\/08\/IMG_2928-300x200.jpg\" width=\"300\" height=\"200\" \/><\/a> <a href=\"http:\/\/www.cofarco.com.ar\/wp-content\/uploads\/2014\/08\/IMG_2929.jpg\"><img decoding=\"async\" class=\"alignleft size-medium wp-image-389\" alt=\"IMG_2929\" src=\"http:\/\/www.cofarco.com.ar\/wp-content\/uploads\/2014\/08\/IMG_2929-300x200.jpg\" width=\"300\" height=\"200\" \/><\/a><\/p>\n","protected":false},"excerpt":{"rendered":"<p>Miembros de la Comisi\u00f3n Directiva del Colegio de Farmac\u00e9uticos de Corrientes \u00a0participaron el mi\u00e9rcoles 27 de agosto, de la\u00a0conferencia sobre Colegiaci\u00f3n P\u00fablica \u201cRol Institucional y Social de las Entidades Profesionales\u201d que se realiz\u00f3 \u00a0en el Sal\u00f3n Auditorio del Colegio P\u00fablico de Abogados de la Primera Circunscripci\u00f3n de Corrientes, para\u00a0profesionales universitarios y estudiantes, entidades que nuclean [&#8230;]\n","protected":false},"author":1,"featured_media":389,"comment_status":"open","ping_status":"open","sticky":false,"template":"","format":"standard","meta":{"footnotes":""},"categories":[72],"tags":[],"class_list":["post-348","post","type-post","status-publish","format-standard","has-post-thumbnail","hentry","category-sin-categoria"],"_links":{"self":[{"href":"https:\/\/cofarco.com.ar\/ar\/wp-json\/wp\/v2\/posts\/348","targetHints":{"allow":["GET"]}}],"collection":[{"href":"https:\/\/cofarco.com.ar\/ar\/wp-json\/wp\/v2\/posts"}],"about":[{"href":"https:\/\/cofarco.com.ar\/ar\/wp-json\/wp\/v2\/types\/post"}],"author":[{"embeddable":true,"href":"https:\/\/cofarco.com.ar\/ar\/wp-json\/wp\/v2\/users\/1"}],"replies":[{"embeddable":true,"href":"https:\/\/cofarco.com.ar\/ar\/wp-json\/wp\/v2\/comments?post=348"}],"version-history":[{"count":0,"href":"https:\/\/cofarco.com.ar\/ar\/wp-json\/wp\/v2\/posts\/348\/revisions"}],"wp:attachment":[{"href":"https:\/\/cofarco.com.ar\/ar\/wp-json\/wp\/v2\/media?parent=348"}],"wp:term":[{"taxonomy":"category","embeddable":true,"href":"https:\/\/cofarco.com.ar\/ar\/wp-json\/wp\/v2\/categories?post=348"},{"taxonomy":"post_tag","embeddable":true,"href":"https:\/\/cofarco.com.ar\/ar\/wp-json\/wp\/v2\/tags?post=348"}],"curies":[{"name":"wp","href":"https:\/\/api.w.org\/{rel}","templated":true}]}}