{"id":3500,"date":"2019-10-11T12:11:52","date_gmt":"2019-10-11T15:11:52","guid":{"rendered":"http:\/\/cofarco.com.ar\/ar\/?p=3500"},"modified":"2019-10-11T12:14:55","modified_gmt":"2019-10-11T15:14:55","slug":"la-presidente-de-la-cofa-visito-el-colegio-de-farmaceuticos-de-corrientes","status":"publish","type":"post","link":"https:\/\/cofarco.com.ar\/ar\/2019\/10\/11\/la-presidente-de-la-cofa-visito-el-colegio-de-farmaceuticos-de-corrientes\/","title":{"rendered":"La Presidente de la COFA visit\u00f3 el Colegio de Farmac\u00e9uticos de Corrientes"},"content":{"rendered":"<p>La Farm. Mar\u00eda Isabel Reinoso, presidente de la Confederaci\u00f3n Farmac\u00e9utica Argentina (COFA), lleg\u00f3 a Corrientes el mi\u00e9rcoles 9 de octubre para conocer las instalaciones del Colegio de Farmac\u00e9uticos de la Provincia de Corrientes (CPFARCO) y mantener una reuni\u00f3n de trabajo con los miembros de la Comisi\u00f3n Directiva.<\/p>\n<p>El encuentro tuvo lugar en las instalaciones de la entidad colegiada. All\u00ed comparti\u00f3 una jornada de trabajo con los miembros de la Comisi\u00f3n Directiva, encabezada por su presidente, la Farm. Desire\u00e9 Lancelle Monferrer.<\/p>\n<p>Los farmac\u00e9uticos correntinos tuvieron ocasi\u00f3n de expresar sus preocupaciones y problemas referidos en cuanto al ejercicio de la profesi\u00f3n. Asimismo, compartieron con la presidente de la COFA los proyectos que llevan adelante desde COFARCO. Al concluir el encuentro, Reinoso felicit\u00f3 a los miembros del Directivo por la tarea que realizan en pos de mejorar las condiciones para los profesionales de esta rama, por el trabajo permanente por el reconocimiento del rol farmac\u00e9utico y por su marcado compromiso social.<\/p>\n<p><img fetchpriority=\"high\" decoding=\"async\" class=\"alignnone size-medium wp-image-3501\" src=\"https:\/\/cofarco.com.ar\/ar\/wp-content\/uploads\/2019\/10\/c4fda2ef-f49f-4ccb-bdec-6adebcb524df-533x400.jpg\" alt=\"\" width=\"533\" height=\"400\" \/><\/p>\n","protected":false},"excerpt":{"rendered":"<p>La Farm. Mar\u00eda Isabel Reinoso, presidente de la Confederaci\u00f3n Farmac\u00e9utica Argentina (COFA), lleg\u00f3 a Corrientes el mi\u00e9rcoles 9 de octubre para conocer las instalaciones del Colegio de Farmac\u00e9uticos de la Provincia de Corrientes (CPFARCO) y mantener una reuni\u00f3n de trabajo con los miembros de la Comisi\u00f3n Directiva. El encuentro tuvo lugar en las instalaciones de [&#8230;]\n","protected":false},"author":2,"featured_media":0,"comment_status":"open","ping_status":"open","sticky":false,"template":"","format":"standard","meta":{"footnotes":""},"categories":[71],"tags":[],"class_list":["post-3500","post","type-post","status-publish","format-standard","hentry","category-noticias"],"_links":{"self":[{"href":"https:\/\/cofarco.com.ar\/ar\/wp-json\/wp\/v2\/posts\/3500","targetHints":{"allow":["GET"]}}],"collection":[{"href":"https:\/\/cofarco.com.ar\/ar\/wp-json\/wp\/v2\/posts"}],"about":[{"href":"https:\/\/cofarco.com.ar\/ar\/wp-json\/wp\/v2\/types\/post"}],"author":[{"embeddable":true,"href":"https:\/\/cofarco.com.ar\/ar\/wp-json\/wp\/v2\/users\/2"}],"replies":[{"embeddable":true,"href":"https:\/\/cofarco.com.ar\/ar\/wp-json\/wp\/v2\/comments?post=3500"}],"version-history":[{"count":3,"href":"https:\/\/cofarco.com.ar\/ar\/wp-json\/wp\/v2\/posts\/3500\/revisions"}],"predecessor-version":[{"id":3504,"href":"https:\/\/cofarco.com.ar\/ar\/wp-json\/wp\/v2\/posts\/3500\/revisions\/3504"}],"wp:attachment":[{"href":"https:\/\/cofarco.com.ar\/ar\/wp-json\/wp\/v2\/media?parent=3500"}],"wp:term":[{"taxonomy":"category","embeddable":true,"href":"https:\/\/cofarco.com.ar\/ar\/wp-json\/wp\/v2\/categories?post=3500"},{"taxonomy":"post_tag","embeddable":true,"href":"https:\/\/cofarco.com.ar\/ar\/wp-json\/wp\/v2\/tags?post=3500"}],"curies":[{"name":"wp","href":"https:\/\/api.w.org\/{rel}","templated":true}]}}