{"id":3625,"date":"2019-11-04T13:07:45","date_gmt":"2019-11-04T16:07:45","guid":{"rendered":"http:\/\/cofarco.com.ar\/ar\/?p=3625"},"modified":"2019-11-04T13:07:45","modified_gmt":"2019-11-04T16:07:45","slug":"asamblea-general-extraordinaria-y-reunion-ampliada-en-cofarco","status":"publish","type":"post","link":"https:\/\/cofarco.com.ar\/ar\/2019\/11\/04\/asamblea-general-extraordinaria-y-reunion-ampliada-en-cofarco\/","title":{"rendered":"Asamblea General Extraordinaria y Reuni\u00f3n ampliada en COFARCO"},"content":{"rendered":"<p>El Colegio de Farmac\u00e9uticos de la Provincia de Corrientes (COFARCO), convoc\u00f3 a Asamblea General Extraordinaria el viernes 1\u00b0 de noviembre. El encuentro se realiz\u00f3 en horas de la noche, en la sede central. Estuvo encabezado por la presidente del Consejo Directivo de la entidad, Farm. Desiree Lancelle Monferrer.<\/p>\n<p>Durante la reuni\u00f3n, los presentes -miembros del Directorio y farmac\u00e9uticos asociados- ratificaron los puntos aprobados en la Asamblea anterior, dando por aprobada en su totalidad la Reforma del Nuevo Estatuto, adapt\u00e1ndose de esa manera al C\u00f3digo Civil y Comercial vigente, modificado por la Ley N\u00b0 26.994, que contempla la eliminaci\u00f3n de la figura del vicepresidente.<\/p>\n<p>Al finalizar la Asamblea, se realiz\u00f3 una reuni\u00f3n ampliada donde el Directorio \u00a0inform\u00f3 el plan de obra para reformar el Sal\u00f3n de Usos M\u00faltiples con el que cuenta la entidad. Se proyect\u00f3 una presentaci\u00f3n de las modificaciones y el presupuesto correspondiente. Los asistentes votaron a favor de la propuesta de remodelaci\u00f3n, con un plazo de realizaci\u00f3n de 3 a 4 meses.<\/p>\n<p>Asimismo, se puso a consideraci\u00f3n de los socios el proyecto de creaci\u00f3n de un Sal\u00f3n de Convenciones en el edificio contiguo, tambi\u00e9n propiedad del Colegio, con sus respectivos plazos y presupuestos. Se resolvi\u00f3 volver a considerar la propuesta m\u00e1s adelante.<\/p>\n<p><img fetchpriority=\"high\" decoding=\"async\" class=\"alignnone size-medium wp-image-3626\" src=\"https:\/\/cofarco.com.ar\/ar\/wp-content\/uploads\/2019\/11\/Cof-534x400.jpg\" alt=\"\" width=\"534\" height=\"400\" \/> <img decoding=\"async\" class=\"alignnone size-medium wp-image-3627\" src=\"https:\/\/cofarco.com.ar\/ar\/wp-content\/uploads\/2019\/11\/Cofar-534x400.jpg\" alt=\"\" width=\"534\" height=\"400\" \/> <img decoding=\"async\" class=\"alignnone size-medium wp-image-3628\" src=\"https:\/\/cofarco.com.ar\/ar\/wp-content\/uploads\/2019\/11\/Cofar1-534x400.jpg\" alt=\"\" width=\"534\" height=\"400\" \/> <img loading=\"lazy\" decoding=\"async\" class=\"alignnone size-medium wp-image-3629\" src=\"https:\/\/cofarco.com.ar\/ar\/wp-content\/uploads\/2019\/11\/Cofarco-534x400.jpg\" alt=\"\" width=\"534\" height=\"400\" \/><\/p>\n","protected":false},"excerpt":{"rendered":"<p>El Colegio de Farmac\u00e9uticos de la Provincia de Corrientes (COFARCO), convoc\u00f3 a Asamblea General Extraordinaria el viernes 1\u00b0 de noviembre. El encuentro se realiz\u00f3 en horas de la noche, en la sede central. Estuvo encabezado por la presidente del Consejo Directivo de la entidad, Farm. Desiree Lancelle Monferrer. Durante la reuni\u00f3n, los presentes -miembros del [&#8230;]\n","protected":false},"author":2,"featured_media":0,"comment_status":"open","ping_status":"open","sticky":false,"template":"","format":"standard","meta":{"footnotes":""},"categories":[71],"tags":[],"class_list":["post-3625","post","type-post","status-publish","format-standard","hentry","category-noticias"],"_links":{"self":[{"href":"https:\/\/cofarco.com.ar\/ar\/wp-json\/wp\/v2\/posts\/3625","targetHints":{"allow":["GET"]}}],"collection":[{"href":"https:\/\/cofarco.com.ar\/ar\/wp-json\/wp\/v2\/posts"}],"about":[{"href":"https:\/\/cofarco.com.ar\/ar\/wp-json\/wp\/v2\/types\/post"}],"author":[{"embeddable":true,"href":"https:\/\/cofarco.com.ar\/ar\/wp-json\/wp\/v2\/users\/2"}],"replies":[{"embeddable":true,"href":"https:\/\/cofarco.com.ar\/ar\/wp-json\/wp\/v2\/comments?post=3625"}],"version-history":[{"count":1,"href":"https:\/\/cofarco.com.ar\/ar\/wp-json\/wp\/v2\/posts\/3625\/revisions"}],"predecessor-version":[{"id":3630,"href":"https:\/\/cofarco.com.ar\/ar\/wp-json\/wp\/v2\/posts\/3625\/revisions\/3630"}],"wp:attachment":[{"href":"https:\/\/cofarco.com.ar\/ar\/wp-json\/wp\/v2\/media?parent=3625"}],"wp:term":[{"taxonomy":"category","embeddable":true,"href":"https:\/\/cofarco.com.ar\/ar\/wp-json\/wp\/v2\/categories?post=3625"},{"taxonomy":"post_tag","embeddable":true,"href":"https:\/\/cofarco.com.ar\/ar\/wp-json\/wp\/v2\/tags?post=3625"}],"curies":[{"name":"wp","href":"https:\/\/api.w.org\/{rel}","templated":true}]}}