{"id":3646,"date":"2019-11-07T15:28:15","date_gmt":"2019-11-07T18:28:15","guid":{"rendered":"http:\/\/cofarco.com.ar\/ar\/?p=3646"},"modified":"2019-11-07T15:28:15","modified_gmt":"2019-11-07T18:28:15","slug":"invitacion-de-la-fepuc-sabado-9-11-en-plaza-vera","status":"publish","type":"post","link":"https:\/\/cofarco.com.ar\/ar\/2019\/11\/07\/invitacion-de-la-fepuc-sabado-9-11-en-plaza-vera\/","title":{"rendered":"Invitaci\u00f3n de la FEPUC: S\u00e1bado 9\/11 en Plaza Vera"},"content":{"rendered":"<p>La Federaci\u00f3n de Entidades Profesionales Universitarias de Corrientes (FEPUC) invita a los profesionales del medio a participar de un encuentro el s\u00e1bado 9 de noviembre, de 9 a 13 horas, en la Plaza Vera.<\/p>\n<p>La FEPUC es una asociaci\u00f3n civil de 2do. grado sin fines de lucro integrada por los consejos y colegios profesionales de la Provincia de Corrientes.<\/p>\n<p>Como Instituci\u00f3n tiene finalidades hacia sus miembros, hacia el estado provincial, municipal y hacia la comunidad.<\/p>\n<p>Puertas adentro sus fines son la defensa irrestricta de las matr\u00edculas profesionales como medio de garant\u00eda de idoneidad ante la comunidad. El control \u00e9tico de la actividad profesional por medio de los tribunales de disciplina. Defensa de la ley de Colegiaci\u00f3n por derecho p\u00fablico. Organizar congresos, convenciones, jornadas, reuniones inter institucionales sobre temas interdisciplinarios. Bregar por la jerarquizaci\u00f3n profesional. Promover la creaci\u00f3n de otros consejos o colegios con sus leyes respectivas para el gobierno de la matr\u00edcula y vigilancia de la \u00e9tica. Instituir becas y premios est\u00edmulo para estudio, trabajos, obras de las distintas profesiones (representadas en FEPUC) con impacto comunitario. Reivindicaci\u00f3n de los profesionales ante las entidades p\u00fablicas, y defender la jerarqu\u00eda y derechos de los profesionales ante el estado y en forma privada. En si relaci\u00f3n con el estado: presentar proyectos y soluciones a los gobiernos provincial y municipal. Propender al bien com\u00fan en situaciones donde los profesionales se expidan y que sirvan para que el estado pueda desarrollarlas. Participar en la elaboraci\u00f3n de leyes, normas y planes vinculados a las pol\u00edticas en educaci\u00f3n, producci\u00f3n, trabajo, obras p\u00fablicas, como \u00f3rgano de consulta.<\/p>\n<p><strong>En fin, una instituci\u00f3n de los profesionales con sentido social y comunitario. <\/strong><\/p>\n<p><img fetchpriority=\"high\" decoding=\"async\" class=\"alignnone size-medium wp-image-3647\" src=\"https:\/\/cofarco.com.ar\/ar\/wp-content\/uploads\/2019\/11\/fepuc-320x400.jpg\" alt=\"\" width=\"320\" height=\"400\" \/><\/p>\n","protected":false},"excerpt":{"rendered":"<p>La Federaci\u00f3n de Entidades Profesionales Universitarias de Corrientes (FEPUC) invita a los profesionales del medio a participar de un encuentro el s\u00e1bado 9 de noviembre, de 9 a 13 horas, en la Plaza Vera. La FEPUC es una asociaci\u00f3n civil de 2do. grado sin fines de lucro integrada por los consejos y colegios profesionales de [&#8230;]\n","protected":false},"author":2,"featured_media":0,"comment_status":"open","ping_status":"open","sticky":false,"template":"","format":"standard","meta":{"footnotes":""},"categories":[71],"tags":[],"class_list":["post-3646","post","type-post","status-publish","format-standard","hentry","category-noticias"],"_links":{"self":[{"href":"https:\/\/cofarco.com.ar\/ar\/wp-json\/wp\/v2\/posts\/3646","targetHints":{"allow":["GET"]}}],"collection":[{"href":"https:\/\/cofarco.com.ar\/ar\/wp-json\/wp\/v2\/posts"}],"about":[{"href":"https:\/\/cofarco.com.ar\/ar\/wp-json\/wp\/v2\/types\/post"}],"author":[{"embeddable":true,"href":"https:\/\/cofarco.com.ar\/ar\/wp-json\/wp\/v2\/users\/2"}],"replies":[{"embeddable":true,"href":"https:\/\/cofarco.com.ar\/ar\/wp-json\/wp\/v2\/comments?post=3646"}],"version-history":[{"count":1,"href":"https:\/\/cofarco.com.ar\/ar\/wp-json\/wp\/v2\/posts\/3646\/revisions"}],"predecessor-version":[{"id":3648,"href":"https:\/\/cofarco.com.ar\/ar\/wp-json\/wp\/v2\/posts\/3646\/revisions\/3648"}],"wp:attachment":[{"href":"https:\/\/cofarco.com.ar\/ar\/wp-json\/wp\/v2\/media?parent=3646"}],"wp:term":[{"taxonomy":"category","embeddable":true,"href":"https:\/\/cofarco.com.ar\/ar\/wp-json\/wp\/v2\/categories?post=3646"},{"taxonomy":"post_tag","embeddable":true,"href":"https:\/\/cofarco.com.ar\/ar\/wp-json\/wp\/v2\/tags?post=3646"}],"curies":[{"name":"wp","href":"https:\/\/api.w.org\/{rel}","templated":true}]}}