{"id":3852,"date":"2019-12-26T16:14:41","date_gmt":"2019-12-26T19:14:41","guid":{"rendered":"http:\/\/cofarco.com.ar\/ar\/?p=3852"},"modified":"2019-12-26T16:14:41","modified_gmt":"2019-12-26T19:14:41","slug":"se-realizo-la-asamblea-general-ordinaria-en-cofarco","status":"publish","type":"post","link":"https:\/\/cofarco.com.ar\/ar\/2019\/12\/26\/se-realizo-la-asamblea-general-ordinaria-en-cofarco\/","title":{"rendered":"Se realiz\u00f3 la Asamblea General Ordinaria en COFARCO"},"content":{"rendered":"<p>El viernes 20 de diciembre, en la sede del Colegio de Farmac\u00e9uticos de la Provincia de Corrientes (COFARCO), se realiz\u00f3 la Asamblea General Ordinaria resuelta en la reuni\u00f3n del d\u00eda 20 de noviembre. All\u00ed, los socios presentes aprobaron la Memoria balance general y votaron por la renovaci\u00f3n parcial de autoridades.<\/p>\n<p>Durante el encuentro, que estuvo encabezado por la presidente del Consejo Directivo de la entidad, Farm. Desiree Lancelle Monferrer, se puso a consideraci\u00f3n de los presentes la Memoria, balance general del ejercicio vencido, inventario, cuentas de gastos y recursos, e informe del \u00d3rgano de Fiscalizaci\u00f3n; los cuales fueron aprobados.<\/p>\n<p>Luego, se procedi\u00f3 a la elecci\u00f3n para la renovaci\u00f3n parcial de autoridades para los cargos de Tesorero, Vocal Titular 1\u00ba , \u00a0Vocal Titular 2\u00ba, Vocal Suplente 1\u00ba, Vocal Suplente 3\u00ba y un miembro del \u00d3rgano de Fiscalizaci\u00f3n por finalizaci\u00f3n de mandatos y por el t\u00e9rmino de dos a\u00f1os.<\/p>\n<p>Fueron electos los farmac\u00e9uticos Ricardo Guillermo Peris (Vocal titular 1\u00b0), Claudio Norberto Acevedo (Vocal Titular 2\u00b0), Ang\u00e9lica Aurora Fava (Vocal suplente 1\u00b0), Ernesto Rub\u00e9n Peris (Vocal suplente 3\u00b0), y Luis Alberto Gunther (\u00d3rgano de Fiscalizaci\u00f3n).<\/p>\n<p>Finalmente, se trat\u00f3 y aprob\u00f3\u00a0 el proyecto de refacci\u00f3n del SUM (sal\u00f3n de usos m\u00faltiples) en el inmueble (local) ubicado en calle Santa Fe N\u00ba 1184 de esta ciudad.<\/p>\n","protected":false},"excerpt":{"rendered":"<p>El viernes 20 de diciembre, en la sede del Colegio de Farmac\u00e9uticos de la Provincia de Corrientes (COFARCO), se realiz\u00f3 la Asamblea General Ordinaria resuelta en la reuni\u00f3n del d\u00eda 20 de noviembre. All\u00ed, los socios presentes aprobaron la Memoria balance general y votaron por la renovaci\u00f3n parcial de autoridades. Durante el encuentro, que estuvo [&#8230;]\n","protected":false},"author":2,"featured_media":0,"comment_status":"open","ping_status":"open","sticky":false,"template":"","format":"standard","meta":{"footnotes":""},"categories":[71],"tags":[],"class_list":["post-3852","post","type-post","status-publish","format-standard","hentry","category-noticias"],"_links":{"self":[{"href":"https:\/\/cofarco.com.ar\/ar\/wp-json\/wp\/v2\/posts\/3852","targetHints":{"allow":["GET"]}}],"collection":[{"href":"https:\/\/cofarco.com.ar\/ar\/wp-json\/wp\/v2\/posts"}],"about":[{"href":"https:\/\/cofarco.com.ar\/ar\/wp-json\/wp\/v2\/types\/post"}],"author":[{"embeddable":true,"href":"https:\/\/cofarco.com.ar\/ar\/wp-json\/wp\/v2\/users\/2"}],"replies":[{"embeddable":true,"href":"https:\/\/cofarco.com.ar\/ar\/wp-json\/wp\/v2\/comments?post=3852"}],"version-history":[{"count":1,"href":"https:\/\/cofarco.com.ar\/ar\/wp-json\/wp\/v2\/posts\/3852\/revisions"}],"predecessor-version":[{"id":3853,"href":"https:\/\/cofarco.com.ar\/ar\/wp-json\/wp\/v2\/posts\/3852\/revisions\/3853"}],"wp:attachment":[{"href":"https:\/\/cofarco.com.ar\/ar\/wp-json\/wp\/v2\/media?parent=3852"}],"wp:term":[{"taxonomy":"category","embeddable":true,"href":"https:\/\/cofarco.com.ar\/ar\/wp-json\/wp\/v2\/categories?post=3852"},{"taxonomy":"post_tag","embeddable":true,"href":"https:\/\/cofarco.com.ar\/ar\/wp-json\/wp\/v2\/tags?post=3852"}],"curies":[{"name":"wp","href":"https:\/\/api.w.org\/{rel}","templated":true}]}}