{"id":3973,"date":"2020-01-24T16:48:17","date_gmt":"2020-01-24T19:48:17","guid":{"rendered":"http:\/\/cofarco.com.ar\/ar\/?p=3973"},"modified":"2020-01-24T16:48:17","modified_gmt":"2020-01-24T19:48:17","slug":"comunicado-situacion-obra-social-pami-deuda-a-las-farmacias-prestadoras","status":"publish","type":"post","link":"https:\/\/cofarco.com.ar\/ar\/2020\/01\/24\/comunicado-situacion-obra-social-pami-deuda-a-las-farmacias-prestadoras\/","title":{"rendered":"COMUNICADO: SITUACI\u00d3N OBRA SOCIAL PAMI &#8211; DEUDA A LAS FARMACIAS PRESTADORAS"},"content":{"rendered":"<p>Corrientes, 24 de Enero de 2.020.-<\/p>\n<p>Estimado Asociados:<\/p>\n<p>Como ustedes saben la situaci\u00f3n con el Instituto PAMI es complicada. Al d\u00eda de hoy adeudan el saldo de las liquidaciones de los meses de Septiembre, Octubre y Noviembre del 2.019 a las farmacias prestadoras de todo el pa\u00eds.<\/p>\n<p>La Confederaci\u00f3n Farmac\u00e9utica Argentina (COFA) lleva adelante negociaciones para lograr el pago de esta deuda en su totalidad, manteniendo reuniones con los nuevos directivos de PAMI y con las otras entidades que nuclean a las farmacias.<\/p>\n<p>Hasta ahora no se ha llegado a ning\u00fan acuerdo, la \u00fanica certeza es que el Convenio sigue vigente hasta el 31\/10\/2.020, realiz\u00e1ndose los pagos de acuerdo al mismo. El d\u00eda Martes 28\/01\/2.020 se reunir\u00e1n nuevamente con propuestas de parte de ambos (COFA y PAMI) a fin de llegar a una soluci\u00f3n a este conflicto.<\/p>\n<p>Las medidas a tomar en caso de no llegar a un acuerdo se consensuar\u00e1n con todos los colegios miembros de la Confederaci\u00f3n Farmac\u00e9utica Argentina (COFA); que podr\u00edan concluir en un corte total del servicio hasta que se destrabe con el pago de lo adeudado.<\/p>\n<p>El Colegio de Farmac\u00e9uticos de Corrientes se encuentra atento y en permanente comunicaci\u00f3n con la Confederaci\u00f3n Farmac\u00e9utica Argentina (COFA) y la otra entidad (C\u00e1mara Correntina de Farmacias) que nuclean a las farmacias correntinas de forma tal de aunar los esfuerzos.<\/p>\n<p>Cualquier medida a tomar o informaci\u00f3n que se tenga se comunicar\u00e1 inmediatamente.<\/p>\n<p>Sin otro particular, saludamos a ustedes atentamente.-<br \/>\nDirectorio del Colegio de Farmac\u00e9uticos de la Provincia de Corrientes<br \/>\n(COFARCO).<\/p>\n\n<div class=\"gde-error\">GDE Error: Error al recuperar el fichero. Si es necesario, desactiva la comprobaci\u00f3n de errores (404:Not Found)<\/div>\n\n","protected":false},"excerpt":{"rendered":"<p>Corrientes, 24 de Enero de 2.020.- Estimado Asociados: Como ustedes saben la situaci\u00f3n con el Instituto PAMI es complicada. Al d\u00eda de hoy adeudan el saldo de las liquidaciones de los meses de Septiembre, Octubre y Noviembre del 2.019 a las farmacias prestadoras de todo el pa\u00eds. La Confederaci\u00f3n Farmac\u00e9utica Argentina (COFA) lleva adelante negociaciones [&#8230;]\n","protected":false},"author":2,"featured_media":0,"comment_status":"open","ping_status":"open","sticky":false,"template":"","format":"standard","meta":{"footnotes":""},"categories":[1],"tags":[],"class_list":["post-3973","post","type-post","status-publish","format-standard","hentry","category-uncategorized"],"_links":{"self":[{"href":"https:\/\/cofarco.com.ar\/ar\/wp-json\/wp\/v2\/posts\/3973","targetHints":{"allow":["GET"]}}],"collection":[{"href":"https:\/\/cofarco.com.ar\/ar\/wp-json\/wp\/v2\/posts"}],"about":[{"href":"https:\/\/cofarco.com.ar\/ar\/wp-json\/wp\/v2\/types\/post"}],"author":[{"embeddable":true,"href":"https:\/\/cofarco.com.ar\/ar\/wp-json\/wp\/v2\/users\/2"}],"replies":[{"embeddable":true,"href":"https:\/\/cofarco.com.ar\/ar\/wp-json\/wp\/v2\/comments?post=3973"}],"version-history":[{"count":1,"href":"https:\/\/cofarco.com.ar\/ar\/wp-json\/wp\/v2\/posts\/3973\/revisions"}],"predecessor-version":[{"id":3975,"href":"https:\/\/cofarco.com.ar\/ar\/wp-json\/wp\/v2\/posts\/3973\/revisions\/3975"}],"wp:attachment":[{"href":"https:\/\/cofarco.com.ar\/ar\/wp-json\/wp\/v2\/media?parent=3973"}],"wp:term":[{"taxonomy":"category","embeddable":true,"href":"https:\/\/cofarco.com.ar\/ar\/wp-json\/wp\/v2\/categories?post=3973"},{"taxonomy":"post_tag","embeddable":true,"href":"https:\/\/cofarco.com.ar\/ar\/wp-json\/wp\/v2\/tags?post=3973"}],"curies":[{"name":"wp","href":"https:\/\/api.w.org\/{rel}","templated":true}]}}