{"id":4013,"date":"2020-01-31T17:17:58","date_gmt":"2020-01-31T20:17:58","guid":{"rendered":"http:\/\/cofarco.com.ar\/ar\/?p=4013"},"modified":"2020-01-31T17:21:04","modified_gmt":"2020-01-31T20:21:04","slug":"4013","status":"publish","type":"post","link":"https:\/\/cofarco.com.ar\/ar\/2020\/01\/31\/4013\/","title":{"rendered":"Congreso Sevilla FIP 2020"},"content":{"rendered":"<p>Del 13 al 17 de septiembre, se realizar\u00e1 el Congreso de SEVILLA FIP 2020. Y la Confederaci\u00f3n Farmac\u00e9utica Argentina(COFA) trabaja en la posibilidad de que participe del evento un importante contingente de farmac\u00e9uticos argentinos.<\/p>\n<p>El presupuesto comprende una estad\u00eda de 7 d\u00edas en Marruecos, con hoteles, media pensi\u00f3n, excursiones y traslados; y de 7 d\u00edas en Sevilla, con hotel, desayunos y traslados.<\/p>\n<p>Los costos rondan los 3.100 d\u00f3lares, solo falta agregar el costo del Congreso (que a\u00fan no se inform\u00f3). Ese valor es total si se paga en d\u00f3lares. Si se abona en pesos, a los hoteles y las excursiones se debe agregar el impuesto pa\u00eds del 30 por ciento (los pasajes ya lo tienen incluido).<\/p>\n<p>Los interesados en participar deber\u00e1n comunicarse al Colegio de Farmac\u00e9uticos de Corrientes (COFARCO), Santa Fe 1186, Tel\u00e9fono (379-4425707\/4426749).<\/p>\n<p>Se env\u00edan T\u00e9rminos y condiciones y en archivo adjunto, el Circuito previsto para Marruecos.<\/p>\n<p>&nbsp;<\/p>\n<p><strong><u>T\u00c9RMINOS Y CONDICIONES PARA GRUPOS (PLUS)<\/u><\/strong><\/p>\n<p>Bloqueo gratuito por 30 d\u00edas para la reserva del grupo. Pasada esa fecha (que se detalla con la confirmaci\u00f3n de la reserva) el grupo queda confirmado autom\u00e1ticamente.<\/p>\n<p><strong>Fecha l\u00edmite de Nominaci\u00f3n:<\/strong><\/p>\n<p>Los nombres y apellidos definitivos tienen que estar 12 d\u00edas antes de la fecha de salida que es el momento en que se emiten la totalidad de los tickets.<\/p>\n<p><strong>Cambios:<\/strong><\/p>\n<p>(Previa autorizaci\u00f3n de Grupos Iberia)<\/p>\n<p><u>De nombre:<\/u> Antes de la emisi\u00f3n y hasta 12 d\u00edas antes de la fecha de salida: sin cargo. Despu\u00e9s de la emisi\u00f3n 75 USD por persona.<\/p>\n<p><u>De fecha\/vuelo\/ruta:<\/u> Permitido sujeto a disponibilidad y cotizaci\u00f3n. El departamento de grupos de Iberia informar\u00e1 del precio en cada caso de acuerdo a la ruta y disponibilidad. De clase: si alg\u00fan o algunos pasajeros del grupo, quisieran volar en Premium Economy o en Business Clase. Sujeto a disponibilidad y cotizaci\u00f3n por parte de Grupos Iberia.<\/p>\n<p><strong>Pol\u00edtica de Equipaje:<\/strong><\/p>\n<p>La tarifa grupal plus incluye una valija de 23 ks despachada en bodega + 01 valija de dimensiones \/ peso standard en cabina.<\/p>\n<p><strong>Reserva de asientos:<\/strong><\/p>\n<p>La tarifa grupal plus establece que la reserva de asientos la hace el departamento encargado en Madrid y es en forma aleatoria. No se pueden pre seleccionar asientos \/ ubicaci\u00f3n con anticipaci\u00f3n. \u00danicamente se podr\u00e1n cambiar a los asignados por dicho departamento en el aeropuerto al momento del check in en base a la disponibilidad existente.<\/p>\n<p><strong>Cancelaciones:<\/strong><\/p>\n<p>Hasta 80 d\u00edas antes de la fecha de salida se puede cancelar el grupo completo con una penalidad de USD 800.- por el total del grupo (no por persona)<\/p>\n<p>Entre 80 d\u00edas hasta 35 d\u00edas antes de la fecha de salida se abona una penalidad del 30% de la tarifa por persona cancelada.<\/p>\n<p>A partir de 35 d\u00edas antes de la fecha de la salida no tiene reembolso y la penalidad es del 100 % del valor del pasaje (si se puede cambiar de nombre y apellido).<\/p>\n\n<div class=\"gde-error\">GDE Error: La URL solicitada no es v\u00e1lida<\/div>\n\n<p><img fetchpriority=\"high\" decoding=\"async\" class=\"alignnone size-medium wp-image-4015\" src=\"https:\/\/cofarco.com.ar\/ar\/wp-content\/uploads\/2020\/01\/IMAGEN-CONGRESO-INTERNACIONAL-SEVILLA-2020-800x354.jpg\" alt=\"\" width=\"800\" height=\"354\" \/><\/p>\n","protected":false},"excerpt":{"rendered":"<p>Del 13 al 17 de septiembre, se realizar\u00e1 el Congreso de SEVILLA FIP 2020. Y la Confederaci\u00f3n Farmac\u00e9utica Argentina(COFA) trabaja en la posibilidad de que participe del evento un importante contingente de farmac\u00e9uticos argentinos. El presupuesto comprende una estad\u00eda de 7 d\u00edas en Marruecos, con hoteles, media pensi\u00f3n, excursiones y traslados; y de 7 d\u00edas [&#8230;]\n","protected":false},"author":2,"featured_media":0,"comment_status":"open","ping_status":"open","sticky":false,"template":"","format":"standard","meta":{"footnotes":""},"categories":[68],"tags":[],"class_list":["post-4013","post","type-post","status-publish","format-standard","hentry","category-cursos"],"_links":{"self":[{"href":"https:\/\/cofarco.com.ar\/ar\/wp-json\/wp\/v2\/posts\/4013","targetHints":{"allow":["GET"]}}],"collection":[{"href":"https:\/\/cofarco.com.ar\/ar\/wp-json\/wp\/v2\/posts"}],"about":[{"href":"https:\/\/cofarco.com.ar\/ar\/wp-json\/wp\/v2\/types\/post"}],"author":[{"embeddable":true,"href":"https:\/\/cofarco.com.ar\/ar\/wp-json\/wp\/v2\/users\/2"}],"replies":[{"embeddable":true,"href":"https:\/\/cofarco.com.ar\/ar\/wp-json\/wp\/v2\/comments?post=4013"}],"version-history":[{"count":2,"href":"https:\/\/cofarco.com.ar\/ar\/wp-json\/wp\/v2\/posts\/4013\/revisions"}],"predecessor-version":[{"id":4020,"href":"https:\/\/cofarco.com.ar\/ar\/wp-json\/wp\/v2\/posts\/4013\/revisions\/4020"}],"wp:attachment":[{"href":"https:\/\/cofarco.com.ar\/ar\/wp-json\/wp\/v2\/media?parent=4013"}],"wp:term":[{"taxonomy":"category","embeddable":true,"href":"https:\/\/cofarco.com.ar\/ar\/wp-json\/wp\/v2\/categories?post=4013"},{"taxonomy":"post_tag","embeddable":true,"href":"https:\/\/cofarco.com.ar\/ar\/wp-json\/wp\/v2\/tags?post=4013"}],"curies":[{"name":"wp","href":"https:\/\/api.w.org\/{rel}","templated":true}]}}