{"id":4055,"date":"2020-02-13T16:40:34","date_gmt":"2020-02-13T19:40:34","guid":{"rendered":"http:\/\/cofarco.com.ar\/ar\/?p=4055"},"modified":"2020-02-13T16:40:34","modified_gmt":"2020-02-13T19:40:34","slug":"abordaje-farmaceutico-de-las-enfermedades-causadas-por-arbovirus-edicion-2-020","status":"publish","type":"post","link":"https:\/\/cofarco.com.ar\/ar\/2020\/02\/13\/abordaje-farmaceutico-de-las-enfermedades-causadas-por-arbovirus-edicion-2-020\/","title":{"rendered":"Abordaje farmac\u00e9utico de las enfermedades causadas por arbovirus &#8211; edici\u00f3n 2.020"},"content":{"rendered":"<p>Desde el Comit\u00e9 Ejecutivo del Foro Farmac\u00e9utico de las Am\u00e9ricas (FFA), informan sobre la oferta de curso virtual <em><strong>Abordaje farmac\u00e9utico de las enfermedades causadas por arbovirus<\/strong><\/em>, edici\u00f3n 2020, que el FFA\u00a0 y el Colegio de Farmac\u00e9uticos de Costa Rica (ColFar) formularon y ejecutaron y el cual ha tenido ediciones entre los a\u00f1os 2.018 y 2.019.<br \/>\n<strong>La edici\u00f3n para este a\u00f1o ser\u00e1 dictada del 24 de febrero al 24 de mayo.\u00a0<\/strong><br \/>\nPara facilitar el proceso de registro en el curso, la inscripci\u00f3n deber\u00e1 ser realizada directamente por cada interesado, raz\u00f3n por la cual se adjunta el procedimiento de matr\u00edcula que se deber\u00e1 seguir. La fecha l\u00edmite para inscripciones se ha fijado para el viernes 21 de febrero de 2.020.<br \/>\nEl curso no tiene ning\u00fan costo para los profesionales farmac\u00e9uticos que se inscriban.<\/p>\n<p>Saludos cordiales.-<\/p>\n\n<div class=\"gde-error\">GDE Error: Error al recuperar el fichero. Si es necesario, desactiva la comprobaci\u00f3n de errores (404:Not Found)<\/div>\n\n","protected":false},"excerpt":{"rendered":"<p>Desde el Comit\u00e9 Ejecutivo del Foro Farmac\u00e9utico de las Am\u00e9ricas (FFA), informan sobre la oferta de curso virtual Abordaje farmac\u00e9utico de las enfermedades causadas por arbovirus, edici\u00f3n 2020, que el FFA\u00a0 y el Colegio de Farmac\u00e9uticos de Costa Rica (ColFar) formularon y ejecutaron y el cual ha tenido ediciones entre los a\u00f1os 2.018 y 2.019. [&#8230;]\n","protected":false},"author":2,"featured_media":0,"comment_status":"open","ping_status":"open","sticky":false,"template":"","format":"standard","meta":{"footnotes":""},"categories":[68],"tags":[],"class_list":["post-4055","post","type-post","status-publish","format-standard","hentry","category-cursos"],"_links":{"self":[{"href":"https:\/\/cofarco.com.ar\/ar\/wp-json\/wp\/v2\/posts\/4055","targetHints":{"allow":["GET"]}}],"collection":[{"href":"https:\/\/cofarco.com.ar\/ar\/wp-json\/wp\/v2\/posts"}],"about":[{"href":"https:\/\/cofarco.com.ar\/ar\/wp-json\/wp\/v2\/types\/post"}],"author":[{"embeddable":true,"href":"https:\/\/cofarco.com.ar\/ar\/wp-json\/wp\/v2\/users\/2"}],"replies":[{"embeddable":true,"href":"https:\/\/cofarco.com.ar\/ar\/wp-json\/wp\/v2\/comments?post=4055"}],"version-history":[{"count":1,"href":"https:\/\/cofarco.com.ar\/ar\/wp-json\/wp\/v2\/posts\/4055\/revisions"}],"predecessor-version":[{"id":4058,"href":"https:\/\/cofarco.com.ar\/ar\/wp-json\/wp\/v2\/posts\/4055\/revisions\/4058"}],"wp:attachment":[{"href":"https:\/\/cofarco.com.ar\/ar\/wp-json\/wp\/v2\/media?parent=4055"}],"wp:term":[{"taxonomy":"category","embeddable":true,"href":"https:\/\/cofarco.com.ar\/ar\/wp-json\/wp\/v2\/categories?post=4055"},{"taxonomy":"post_tag","embeddable":true,"href":"https:\/\/cofarco.com.ar\/ar\/wp-json\/wp\/v2\/tags?post=4055"}],"curies":[{"name":"wp","href":"https:\/\/api.w.org\/{rel}","templated":true}]}}