{"id":4098,"date":"2020-02-19T20:34:30","date_gmt":"2020-02-19T23:34:30","guid":{"rendered":"http:\/\/cofarco.com.ar\/ar\/?p=4098"},"modified":"2020-02-19T20:34:30","modified_gmt":"2020-02-19T23:34:30","slug":"importante-hasta-el-30-04-20-se-podran-presentar-solicitudes-para-donaciones","status":"publish","type":"post","link":"https:\/\/cofarco.com.ar\/ar\/2020\/02\/19\/importante-hasta-el-30-04-20-se-podran-presentar-solicitudes-para-donaciones\/","title":{"rendered":"IMPORTANTE: Hasta el 30\/04\/20 se podr\u00e1n presentar solicitudes para donaciones"},"content":{"rendered":"<p>El Directorio del Colegio de Farmac\u00e9uticos de Corrientes (COFARCO) informa que hasta el <strong>30 de abril<\/strong> de 2020 se recibir\u00e1n las solicitudes de donaciones propuestas por los socios\/as. Esta iniciativa se repite hace a\u00f1os en la instituci\u00f3n en el marco de una pol\u00edtica de compromiso social que busca responder a demandas de sectores, organismos o instituciones de pocos recursos.<br \/>\nLas propuestas de donaciones para escuelas, instituciones de la salud y otros sin fines de lucro, deber\u00e1n solicitarse por nota dirigida a la Presidente del Colegio de Farmac\u00e9uticos de la provincia de Corrientes, Farm. Desir\u00e9e Lancelle Monferrer.<br \/>\nLos pedidos deben ser debidamente fundamentados (presentar carpeta con detalles del motivo de la solicitud), los cuales ser\u00e1n resueltos en la<br \/>\nprimera reuni\u00f3n de la Comisi\u00f3n Directiva, posterior a esa fecha.<br \/>\nLas donaciones se aprobar\u00e1n por unanimidad de los integrantes de la Comisi\u00f3n Directiva, elevando las mismas por nota a inspecci\u00f3n de justicia.-<\/p>\n<p>Colegio de Farmac\u00e9uticos de Corrientes &#8211; Santa Fe 1186<br \/>\nTel\u00e9fono (379-4425707\/4426749)<\/p>\n","protected":false},"excerpt":{"rendered":"<p>El Directorio del Colegio de Farmac\u00e9uticos de Corrientes (COFARCO) informa que hasta el 30 de abril de 2020 se recibir\u00e1n las solicitudes de donaciones propuestas por los socios\/as. Esta iniciativa se repite hace a\u00f1os en la instituci\u00f3n en el marco de una pol\u00edtica de compromiso social que busca responder a demandas de sectores, organismos o [&#8230;]\n","protected":false},"author":2,"featured_media":0,"comment_status":"open","ping_status":"open","sticky":false,"template":"","format":"standard","meta":{"footnotes":""},"categories":[71,75],"tags":[],"class_list":["post-4098","post","type-post","status-publish","format-standard","hentry","category-noticias","category-proyectos-solidarios"],"_links":{"self":[{"href":"https:\/\/cofarco.com.ar\/ar\/wp-json\/wp\/v2\/posts\/4098","targetHints":{"allow":["GET"]}}],"collection":[{"href":"https:\/\/cofarco.com.ar\/ar\/wp-json\/wp\/v2\/posts"}],"about":[{"href":"https:\/\/cofarco.com.ar\/ar\/wp-json\/wp\/v2\/types\/post"}],"author":[{"embeddable":true,"href":"https:\/\/cofarco.com.ar\/ar\/wp-json\/wp\/v2\/users\/2"}],"replies":[{"embeddable":true,"href":"https:\/\/cofarco.com.ar\/ar\/wp-json\/wp\/v2\/comments?post=4098"}],"version-history":[{"count":1,"href":"https:\/\/cofarco.com.ar\/ar\/wp-json\/wp\/v2\/posts\/4098\/revisions"}],"predecessor-version":[{"id":4100,"href":"https:\/\/cofarco.com.ar\/ar\/wp-json\/wp\/v2\/posts\/4098\/revisions\/4100"}],"wp:attachment":[{"href":"https:\/\/cofarco.com.ar\/ar\/wp-json\/wp\/v2\/media?parent=4098"}],"wp:term":[{"taxonomy":"category","embeddable":true,"href":"https:\/\/cofarco.com.ar\/ar\/wp-json\/wp\/v2\/categories?post=4098"},{"taxonomy":"post_tag","embeddable":true,"href":"https:\/\/cofarco.com.ar\/ar\/wp-json\/wp\/v2\/tags?post=4098"}],"curies":[{"name":"wp","href":"https:\/\/api.w.org\/{rel}","templated":true}]}}