{"id":4173,"date":"2020-03-11T22:25:20","date_gmt":"2020-03-12T01:25:20","guid":{"rendered":"http:\/\/cofarco.com.ar\/ar\/?p=4173"},"modified":"2020-03-11T22:25:20","modified_gmt":"2020-03-12T01:25:20","slug":"comunicado-sobre-lanzamiento-del-vademecum-medicamentos-esenciales-de-pami","status":"publish","type":"post","link":"https:\/\/cofarco.com.ar\/ar\/2020\/03\/11\/comunicado-sobre-lanzamiento-del-vademecum-medicamentos-esenciales-de-pami\/","title":{"rendered":"Comunicado sobre lanzamiento del Vademecum medicamentos esenciales de PAMI"},"content":{"rendered":"<p>Adjuntamos informaci\u00f3n sobre el Programa VIVIR MEJOR. El d\u00eda Martes 10 de marzo, el PAMI oficializ\u00f3 en un acto con la presencia<br \/>\ndel Presidente de la Naci\u00f3n, al que fueron invitadas las autoridades de la COFA, el lanzamiento del VADEMECUM DE MEDICAMENTOS ESENCIALES que ampl\u00eda la cobertura\u00a0 de 170 medicamentos al 100%.<\/p>\n<p>Quedamos a disposici\u00f3n para cualquier consulta adicional que podamos resolver.<\/p>\n<p>COFA.-<\/p>\n\n<div class=\"gde-error\">GDE Error: Error al recuperar el fichero. Si es necesario, desactiva la comprobaci\u00f3n de errores (404:Not Found)<\/div>\n\n","protected":false},"excerpt":{"rendered":"<p>Adjuntamos informaci\u00f3n sobre el Programa VIVIR MEJOR. El d\u00eda Martes 10 de marzo, el PAMI oficializ\u00f3 en un acto con la presencia del Presidente de la Naci\u00f3n, al que fueron invitadas las autoridades de la COFA, el lanzamiento del VADEMECUM DE MEDICAMENTOS ESENCIALES que ampl\u00eda la cobertura\u00a0 de 170 medicamentos al 100%. Quedamos a disposici\u00f3n [&#8230;]\n","protected":false},"author":2,"featured_media":0,"comment_status":"open","ping_status":"open","sticky":false,"template":"","format":"standard","meta":{"footnotes":""},"categories":[1],"tags":[],"class_list":["post-4173","post","type-post","status-publish","format-standard","hentry","category-uncategorized"],"_links":{"self":[{"href":"https:\/\/cofarco.com.ar\/ar\/wp-json\/wp\/v2\/posts\/4173","targetHints":{"allow":["GET"]}}],"collection":[{"href":"https:\/\/cofarco.com.ar\/ar\/wp-json\/wp\/v2\/posts"}],"about":[{"href":"https:\/\/cofarco.com.ar\/ar\/wp-json\/wp\/v2\/types\/post"}],"author":[{"embeddable":true,"href":"https:\/\/cofarco.com.ar\/ar\/wp-json\/wp\/v2\/users\/2"}],"replies":[{"embeddable":true,"href":"https:\/\/cofarco.com.ar\/ar\/wp-json\/wp\/v2\/comments?post=4173"}],"version-history":[{"count":1,"href":"https:\/\/cofarco.com.ar\/ar\/wp-json\/wp\/v2\/posts\/4173\/revisions"}],"predecessor-version":[{"id":4175,"href":"https:\/\/cofarco.com.ar\/ar\/wp-json\/wp\/v2\/posts\/4173\/revisions\/4175"}],"wp:attachment":[{"href":"https:\/\/cofarco.com.ar\/ar\/wp-json\/wp\/v2\/media?parent=4173"}],"wp:term":[{"taxonomy":"category","embeddable":true,"href":"https:\/\/cofarco.com.ar\/ar\/wp-json\/wp\/v2\/categories?post=4173"},{"taxonomy":"post_tag","embeddable":true,"href":"https:\/\/cofarco.com.ar\/ar\/wp-json\/wp\/v2\/tags?post=4173"}],"curies":[{"name":"wp","href":"https:\/\/api.w.org\/{rel}","templated":true}]}}