{"id":423,"date":"2014-10-25T12:27:02","date_gmt":"2014-10-25T12:27:02","guid":{"rendered":"http:\/\/www.cofarco.com.ar\/?p=423"},"modified":"2014-10-25T12:27:02","modified_gmt":"2014-10-25T12:27:02","slug":"convenio-colectivo-de-trabajo","status":"publish","type":"post","link":"https:\/\/cofarco.com.ar\/ar\/2014\/10\/25\/convenio-colectivo-de-trabajo\/","title":{"rendered":"Convenio Colectivo de Trabajo"},"content":{"rendered":"<p>Con el fundamento de la Resoluci\u00f3n a\u00f1o 2014\/2015 de la Comisi\u00f3n Paritaria del CCT 659\/13 alcanzado en la Federaci\u00f3n Argentina de Trabajadores de Farmacia (FTFAT), la Federaci\u00f3n Argentina de C\u00e1maras de Farmacia (FACAF) y la Confederaci\u00f3n Farmac\u00e9utica Argentina (COFA), el Colegio de Farmac\u00e9uticos de Corrientes les recuerda que:<\/p>\n<p>ART\u00cdCULO 7 &#8211; GRUPO PRIMERO: DEL PROFESIONAL FARMACEUTICO.<\/p>\n<p>I) FARMACEUTICO DIRECTOR TECNICO: Se encuadra en esta categor\u00eda \u00fanicamente a todo personal en relaci\u00f3n de dependencia que posea t\u00edtulo de Farmac\u00e9utico Nacional u obtenido en otro pa\u00eds, que haya sido reconocido por el Ministerio de Educaci\u00f3n o revalidado por una Universidad Nacional, que preste servicio laborativo en alguna de las farmacias que se mencionan en los art\u00edculos tercero (3\u00ba) y cuarto (4\u00ba) de la presente Convenci\u00f3n Colectiva de Trabajo y tenga como responsabilidad Profesional la Direcci\u00f3n T\u00e9cnica de la Oficina de Farmacia.<\/p>\n<p>II) FARMACEUTICO AUXILIAR: Se encuadra en esta categor\u00eda \u00fanicamente a todo personal en relaci\u00f3n de dependencia que posea t\u00edtulo de Farmac\u00e9utico Nacional, u obtenido en otro pa\u00eds, que haya sido otorgado o revalidado por una Universidad Nacional, que preste servicio laborativo en alguna de las farmacias que se mencionan en los art\u00edculos tercero (3\u00ba) y cuarto (4\u00ba) de la presente Convenci\u00f3n Colectiva de Trabajo, no ejerciendo la Direcci\u00f3n T\u00e9cnica del establecimiento en forma permanente.<\/p>\n<p>a) La retribuci\u00f3n por bloqueo de T\u00edtulo del Farmac\u00e9utico Director T\u00e9cnico ser\u00e1 determinada por las partes signatarias del presente Convenio Colectivo de Trabajo, quedando exceptuado de percibir las retribuciones previstas en el inciso b) del presente art\u00edculo.<\/p>\n<p>b) La retribuci\u00f3n por poseer T\u00edtulo de Farmac\u00e9utico ser\u00e1 del 60% del importe determinado para el bloqueo de Titulo del Farmac\u00e9utico Director T\u00e9cnico, quedando exceptuado de percibir las retribuciones previstas en el inciso a). Las retribuciones de los incisos a) y b) no ser\u00e1n referentes para calcular las diferencias porcentuales establecidas en el art\u00edculo 14\u00b0 del presente Convenio y tendr\u00e1n car\u00e1cter no remunerativo.<\/p>\n<p>Art. 22<\/p>\n<p>c) Actualizaci\u00f3n Profesional: Todo trabajador comprendido en el articulo 7 del presente convenio colectivo de trabajo, que exhiba los t\u00edtulos de \u201cActualizaci\u00f3n y Capacitaci\u00f3n Profesional\u201d y de \u201cT\u00e9cnicatura en Gesti\u00f3n de Farmacia\u201d calificados y dictados por cualquiera de las entidades signatarias del presente convenio y visados por el Comit\u00e9 Acad\u00e9mico del articulo 49, percibir\u00e1 un adicional del 30 % del sueldo b\u00e1sico de la categor\u00eda de Aprendiz Ayudante, m\u00e1s escalaf\u00f3n por antig\u00fcedad.<\/p>\n<p>c.1.) Todo trabajador que al momento de la homologaci\u00f3n del presente Convenio Colectivo de Trabajo ven\u00eda percibiendo el adicional por \u201c Titulo de Farmac\u00e9utico seg\u00fan el Convenio Colectivo de Trabajo 26\/88\u201d continuar\u00e1 percibiendo el mismo en concordancia con lo establecido en las normas laborales vigentes en la materia, no correspondi\u00e9ndole percibir el adicional del presente inciso c).<\/p>\n<p>A modo de ejemplo:<\/p>\n<p>Farmac\u00e9uticos bajo el C.C.T. 26\/88, les corresponde percibir:<\/p>\n<p>Director T\u00e9cnico: B\u00e1sico + Bloqueo + Titulo (50% del b\u00e1sico)<\/p>\n<p>Auxiliar: B\u00e1sico + Titulo (50% del b\u00e1sico)<\/p>\n<p>Farmac\u00e9uticos posteriores al C.C.T. 26\/88, les corresponde percibir:<\/p>\n<p>Director T\u00e9cnico: B\u00e1sico + Bloqueo + Capacitaci\u00f3n<\/p>\n<p>Auxiliar: B\u00e1sico + Titulo (60% del bloqueo) + Capacitaci\u00f3n<\/p>\n<p>Respecto del adicional por capacitaci\u00f3n, se est\u00e1 elaborando en el Observatorio de Salud de la COFA los cursos a los que deber\u00e1n suscribirse para percibir el adicional antes citado. En breve estaremos inform\u00e1ndole el mecanismo para articular dicha capacitaci\u00f3n en cada uno de los Colegios integrantes de COFA.<\/p>\n<p>IMPORTANTE \u2013 CONVENIO COLECTIVO DE TRABAJO Y ACTUALIZACI\u00d3N PROFESIONAL<\/p>\n","protected":false},"excerpt":{"rendered":"<p>Con el fundamento de la Resoluci\u00f3n a\u00f1o 2014\/2015 de la Comisi\u00f3n Paritaria del CCT 659\/13 alcanzado en la Federaci\u00f3n Argentina de Trabajadores de Farmacia (FTFAT), la Federaci\u00f3n Argentina de C\u00e1maras de Farmacia (FACAF) y la Confederaci\u00f3n Farmac\u00e9utica Argentina (COFA), el Colegio de Farmac\u00e9uticos de Corrientes les recuerda que: ART\u00cdCULO 7 &#8211; GRUPO PRIMERO: DEL PROFESIONAL [&#8230;]\n","protected":false},"author":1,"featured_media":0,"comment_status":"open","ping_status":"open","sticky":false,"template":"","format":"standard","meta":{"footnotes":""},"categories":[72],"tags":[],"class_list":["post-423","post","type-post","status-publish","format-standard","hentry","category-sin-categoria"],"_links":{"self":[{"href":"https:\/\/cofarco.com.ar\/ar\/wp-json\/wp\/v2\/posts\/423","targetHints":{"allow":["GET"]}}],"collection":[{"href":"https:\/\/cofarco.com.ar\/ar\/wp-json\/wp\/v2\/posts"}],"about":[{"href":"https:\/\/cofarco.com.ar\/ar\/wp-json\/wp\/v2\/types\/post"}],"author":[{"embeddable":true,"href":"https:\/\/cofarco.com.ar\/ar\/wp-json\/wp\/v2\/users\/1"}],"replies":[{"embeddable":true,"href":"https:\/\/cofarco.com.ar\/ar\/wp-json\/wp\/v2\/comments?post=423"}],"version-history":[{"count":0,"href":"https:\/\/cofarco.com.ar\/ar\/wp-json\/wp\/v2\/posts\/423\/revisions"}],"wp:attachment":[{"href":"https:\/\/cofarco.com.ar\/ar\/wp-json\/wp\/v2\/media?parent=423"}],"wp:term":[{"taxonomy":"category","embeddable":true,"href":"https:\/\/cofarco.com.ar\/ar\/wp-json\/wp\/v2\/categories?post=423"},{"taxonomy":"post_tag","embeddable":true,"href":"https:\/\/cofarco.com.ar\/ar\/wp-json\/wp\/v2\/tags?post=423"}],"curies":[{"name":"wp","href":"https:\/\/api.w.org\/{rel}","templated":true}]}}