{"id":4243,"date":"2020-03-19T16:22:20","date_gmt":"2020-03-19T19:22:20","guid":{"rendered":"http:\/\/cofarco.com.ar\/ar\/?p=4243"},"modified":"2020-03-19T16:22:20","modified_gmt":"2020-03-19T19:22:20","slug":"nota-de-respuesta-requerimiento-subsecretaria-de-comercio","status":"publish","type":"post","link":"https:\/\/cofarco.com.ar\/ar\/2020\/03\/19\/nota-de-respuesta-requerimiento-subsecretaria-de-comercio\/","title":{"rendered":"Nota de respuesta requerimiento Subsecretaria de Comercio"},"content":{"rendered":"<p><strong>Sres. Farmacias asociadas COFARCO<\/strong><br \/>\nA quien corresponda:<\/p>\n<p>Dado el requerimiento realizado por la Subsecretaria de Comercio &#8211; Ministerio de Industria, Trabajo y Comercio de la Provincia de Corrientes (el cual les ir\u00e1 llegando a cada Farmacia a trav\u00e9s de una C\u00e9dula de notificaci\u00f3n), en el marco de la actual emergencia sanitaria dispuesta por el Gobierno Nacional y Provincial, para que se les informe la cantidad de alcohol en gel que posee en g\u00f3ndolas o dep\u00f3sitos cada farmacia y el precio de venta al p\u00fablico al cierre del d\u00eda 15 de Febrero de 2.020, es que se les env\u00eda NOTA MODELO realizada por el asesor legal de nuestra Instituci\u00f3n para dar respuesta a lo solicitado.<\/p>\n<p>En la misma se debe constituir domicilio y el car\u00e1cter en que se firma la nota (titular unipersonal, apoderado, representante legal de la sociedad) y completar los otros puntos solicitados. Esta se debe presentar dentro del plazo de dos d\u00edas h\u00e1biles de recibida la c\u00e9dula en la farmacia, personalmente por escrito y firmada ante la Direcci\u00f3n de Defensa del Consumidor sito en Carlos Pellegrini 1.024 de la ciudad de Corrientes (Capital), en el horario de 7:30 a 12:30 horas, o v\u00eda postal a la direcci\u00f3n indicada (NO SE ADMITE POR CORREO ELECTR\u00d3NICO U OTRO MEDIO ELECTR\u00d3NICO).<br \/>\nCualquier duda o consulta comunicarse por favor al Colegio de<br \/>\nFarmac\u00e9uticos de Corrientes.<\/p>\n<p>Sin otro particular, saludamos a ustedes atentamente.<br \/>\nColegio de Farmac\u00e9uticos de Corrientes (COFARCO)<\/p>\n\n<div class=\"gde-error\">GDE Error: Error al recuperar el fichero. Si es necesario, desactiva la comprobaci\u00f3n de errores (404:Not Found)<\/div>\n\n","protected":false},"excerpt":{"rendered":"<p>Sres. Farmacias asociadas COFARCO A quien corresponda: Dado el requerimiento realizado por la Subsecretaria de Comercio &#8211; Ministerio de Industria, Trabajo y Comercio de la Provincia de Corrientes (el cual les ir\u00e1 llegando a cada Farmacia a trav\u00e9s de una C\u00e9dula de notificaci\u00f3n), en el marco de la actual emergencia sanitaria dispuesta por el Gobierno [&#8230;]\n","protected":false},"author":2,"featured_media":0,"comment_status":"open","ping_status":"open","sticky":false,"template":"","format":"standard","meta":{"footnotes":""},"categories":[1],"tags":[],"class_list":["post-4243","post","type-post","status-publish","format-standard","hentry","category-uncategorized"],"_links":{"self":[{"href":"https:\/\/cofarco.com.ar\/ar\/wp-json\/wp\/v2\/posts\/4243","targetHints":{"allow":["GET"]}}],"collection":[{"href":"https:\/\/cofarco.com.ar\/ar\/wp-json\/wp\/v2\/posts"}],"about":[{"href":"https:\/\/cofarco.com.ar\/ar\/wp-json\/wp\/v2\/types\/post"}],"author":[{"embeddable":true,"href":"https:\/\/cofarco.com.ar\/ar\/wp-json\/wp\/v2\/users\/2"}],"replies":[{"embeddable":true,"href":"https:\/\/cofarco.com.ar\/ar\/wp-json\/wp\/v2\/comments?post=4243"}],"version-history":[{"count":1,"href":"https:\/\/cofarco.com.ar\/ar\/wp-json\/wp\/v2\/posts\/4243\/revisions"}],"predecessor-version":[{"id":4245,"href":"https:\/\/cofarco.com.ar\/ar\/wp-json\/wp\/v2\/posts\/4243\/revisions\/4245"}],"wp:attachment":[{"href":"https:\/\/cofarco.com.ar\/ar\/wp-json\/wp\/v2\/media?parent=4243"}],"wp:term":[{"taxonomy":"category","embeddable":true,"href":"https:\/\/cofarco.com.ar\/ar\/wp-json\/wp\/v2\/categories?post=4243"},{"taxonomy":"post_tag","embeddable":true,"href":"https:\/\/cofarco.com.ar\/ar\/wp-json\/wp\/v2\/tags?post=4243"}],"curies":[{"name":"wp","href":"https:\/\/api.w.org\/{rel}","templated":true}]}}