{"id":4251,"date":"2020-03-20T06:37:33","date_gmt":"2020-03-20T09:37:33","guid":{"rendered":"http:\/\/cofarco.com.ar\/ar\/?p=4251"},"modified":"2020-03-20T06:39:23","modified_gmt":"2020-03-20T09:39:23","slug":"importante-las-farmacias-son-esenciales-en-la-cuarentena-obligatoria","status":"publish","type":"post","link":"https:\/\/cofarco.com.ar\/ar\/2020\/03\/20\/importante-las-farmacias-son-esenciales-en-la-cuarentena-obligatoria\/","title":{"rendered":"IMPORTANTE: Las Farmacias son esenciales en la Cuarentena Obligatoria &#8211; Certificado"},"content":{"rendered":"<p>Colegas:<\/p>\n<p>Hace minutos el Presidente de la Naci\u00f3n destac\u00f3 la importancia de los servicios de salud en la cuarentena obligatoria que regir\u00e1 <strong>a partir de la hora 0 del viernes 20 al 31 de marzo de 2020.<\/strong><\/p>\n<p><strong>Hizo una menci\u00f3n explicita a las farmacias<\/strong> como parte de los servicios esenciales, por esa raz\u00f3n que nos enorgullece y nos compromete, es que les pido que brindemos a nuestros pacientes el mejor de los servicios durante este aislamiento social preventivo y obligatorio decretado por el gobierno.<\/p>\n<p><strong>Nuestros colaboradores deben trabajar junto a nosotros.<\/strong> En archivo adjunto enviamos, para descargar e imprimir, un certificado que avala nuestra Confederaci\u00f3n Farmac\u00e9utica Argentina y el Colegio de la Provincia de Corrientes que debe llevar la firma de los Directores T\u00e9cnicos, para ser presentado a las autoridades que lo requieran.<br \/>\nHemos gestionado ante las autoridades de salud y el sector de la distribuci\u00f3n que se garantice el abastecimiento a las farmacias.<\/p>\n<p><strong>La Confederaci\u00f3n Farmac\u00e9utica y sus Colegios de Farmac\u00e9uticos Asociados NO SE DETIENEN<\/strong> y les ofrecer\u00e1 informaci\u00f3n, servicio y respaldo permanente durante este per\u00edodo especial.<\/p>\n<p>Les pedimos que se referencien con la informaci\u00f3n oficial y les recordamos que las farmacias deben <strong>atender de acuerdo al protocolo enviado d\u00edas atr\u00e1s<\/strong>\u00a0 manteniendo el horario habitual y extremando las medidas de seguridad sanitaria.<\/p>\n<p>Por \u00faltimo,vaya un agradecimiento a todos los colegas y empleados de los distintos establecimientos por el esfuerzo y el compromiso con la profesi\u00f3n, vamos a estar a la altura que la situaci\u00f3n nos demanda.<\/p>\n<p>ORGULLOSAMENTE FARMAC\u00c9UTICOS<\/p>\n<p><img fetchpriority=\"high\" decoding=\"async\" class=\"alignnone size-medium wp-image-4252\" src=\"https:\/\/cofarco.com.ar\/ar\/wp-content\/uploads\/2020\/03\/Cofarco-297x400.png\" alt=\"\" width=\"297\" height=\"400\" \/><\/p>\n\n<div class=\"gde-error\">GDE Error: Error al recuperar el fichero. Si es necesario, desactiva la comprobaci\u00f3n de errores (404:Not Found)<\/div>\n\n","protected":false},"excerpt":{"rendered":"<p>Colegas: Hace minutos el Presidente de la Naci\u00f3n destac\u00f3 la importancia de los servicios de salud en la cuarentena obligatoria que regir\u00e1 a partir de la hora 0 del viernes 20 al 31 de marzo de 2020. Hizo una menci\u00f3n explicita a las farmacias como parte de los servicios esenciales, por esa raz\u00f3n que nos [&#8230;]\n","protected":false},"author":2,"featured_media":0,"comment_status":"open","ping_status":"open","sticky":false,"template":"","format":"standard","meta":{"footnotes":""},"categories":[71],"tags":[],"class_list":["post-4251","post","type-post","status-publish","format-standard","hentry","category-noticias"],"_links":{"self":[{"href":"https:\/\/cofarco.com.ar\/ar\/wp-json\/wp\/v2\/posts\/4251","targetHints":{"allow":["GET"]}}],"collection":[{"href":"https:\/\/cofarco.com.ar\/ar\/wp-json\/wp\/v2\/posts"}],"about":[{"href":"https:\/\/cofarco.com.ar\/ar\/wp-json\/wp\/v2\/types\/post"}],"author":[{"embeddable":true,"href":"https:\/\/cofarco.com.ar\/ar\/wp-json\/wp\/v2\/users\/2"}],"replies":[{"embeddable":true,"href":"https:\/\/cofarco.com.ar\/ar\/wp-json\/wp\/v2\/comments?post=4251"}],"version-history":[{"count":2,"href":"https:\/\/cofarco.com.ar\/ar\/wp-json\/wp\/v2\/posts\/4251\/revisions"}],"predecessor-version":[{"id":4255,"href":"https:\/\/cofarco.com.ar\/ar\/wp-json\/wp\/v2\/posts\/4251\/revisions\/4255"}],"wp:attachment":[{"href":"https:\/\/cofarco.com.ar\/ar\/wp-json\/wp\/v2\/media?parent=4251"}],"wp:term":[{"taxonomy":"category","embeddable":true,"href":"https:\/\/cofarco.com.ar\/ar\/wp-json\/wp\/v2\/categories?post=4251"},{"taxonomy":"post_tag","embeddable":true,"href":"https:\/\/cofarco.com.ar\/ar\/wp-json\/wp\/v2\/tags?post=4251"}],"curies":[{"name":"wp","href":"https:\/\/api.w.org\/{rel}","templated":true}]}}