{"id":4325,"date":"2020-03-27T18:57:10","date_gmt":"2020-03-27T21:57:10","guid":{"rendered":"http:\/\/cofarco.com.ar\/ar\/?p=4325"},"modified":"2020-03-27T18:57:10","modified_gmt":"2020-03-27T21:57:10","slug":"las-vacunas-no-pueden-salir-de-las-farmacias","status":"publish","type":"post","link":"https:\/\/cofarco.com.ar\/ar\/2020\/03\/27\/las-vacunas-no-pueden-salir-de-las-farmacias\/","title":{"rendered":"Las VACUNAS no pueden salir de las Farmacias"},"content":{"rendered":"<p>Ante el comienzo de la distribuci\u00f3n a las farmacias de vacunas antigripales para la\u00a0<strong>CAMPA\u00d1A PAMI 2020<\/strong>\u00a0reiteramos que las vacunas deben permanecer en poder de las farmacias,\u00a0<strong>DENTRO de las farmacias, y SIN PODER SER ENTREGADAS A NING\u00daN TERCERO<\/strong>, ni siquiera ante el eventual pedido de ning\u00fan organismo, sea la autoridad sanitaria local, la delegaci\u00f3n\u00a0<a href=\"https:\/\/business.facebook.com\/pami.org.ar\/?__tn__=K-R&amp;eid=ARDEBV3WUww8Dkejau2drqFAxj52zyMWON_68R3LWs9bCP9KEOuG2RJLbO8_uWT4zwI9C-lvBxjfFHSX&amp;fref=mentions&amp;__xts__%5B0%5D=68.ARDeUXLAOlEIowmICVijvJSvUZ6r3ZTEJFSChpbxhqB6mv--ChJfwB2s62z16dJtkIBkG-vE-_OVRBmd293CKjiQMoT7keeNOn8dOkaLmJ-MwEfeatygicSmHKHyDkOVmLAVBoasEmMdE6hgVAIyb9M1DujsxmNxBnHlRaB-BbsQz4htAoD5r-2_z8h5V6J_TsO4Gq-UvAoUv_maXzUXMxT-q5vnyHhbpP8yMrVnNwe0TxCbt2tPXu8AVKl1QzPHvKajNOQHeei75uVamMEBzcMV8UcDB1Ctc_t2EvnXJ4GcwJuteE5mhokNfPiB55CDMDmQSf2e7nys_NqOIRKmXcB1ug\" data-hovercard=\"\/ajax\/hovercard\/page.php?id=137334766333262&amp;extragetparams=%7B%22__tn__%22%3A%22%2CdK-R-R%22%2C%22eid%22%3A%22ARDEBV3WUww8Dkejau2drqFAxj52zyMWON_68R3LWs9bCP9KEOuG2RJLbO8_uWT4zwI9C-lvBxjfFHSX%22%2C%22fref%22%3A%22mentions%22%7D&amp;av=481684421927949&amp;eav=AfY8Ow_BQzqUdY7yglekrQOHgN0GFTlvWOLypTOV3vfoNbG-hF7Y9QM8Zbcqn7a68h8\" data-hovercard-prefer-more-content-show=\"1\">PAMI<\/a>\u00a0local o cualquier otra instituci\u00f3n u organizaci\u00f3n que lo requiera, para el fin que sea.<br \/>\nLas vacunas antigripales de la Campa\u00f1a PAMI 2020 son responsabilidad de los farmac\u00e9uticos,\u00a0<strong>destinadas a ser aplicadas a los beneficiarios de PAMI EXCLUSIVAMENTE EN LAS FARMACIAS.<\/strong><\/p>\n<p><img fetchpriority=\"high\" decoding=\"async\" class=\"alignnone size-full wp-image-4326\" src=\"https:\/\/cofarco.com.ar\/ar\/wp-content\/uploads\/2020\/03\/BannerWebVacunacionPAMI.png\" alt=\"\" width=\"611\" height=\"279\" \/><\/p>\n","protected":false},"excerpt":{"rendered":"<p>Ante el comienzo de la distribuci\u00f3n a las farmacias de vacunas antigripales para la\u00a0CAMPA\u00d1A PAMI 2020\u00a0reiteramos que las vacunas deben permanecer en poder de las farmacias,\u00a0DENTRO de las farmacias, y SIN PODER SER ENTREGADAS A NING\u00daN TERCERO, ni siquiera ante el eventual pedido de ning\u00fan organismo, sea la autoridad sanitaria local, la delegaci\u00f3n\u00a0PAMI\u00a0local o cualquier [&#8230;]\n","protected":false},"author":2,"featured_media":0,"comment_status":"open","ping_status":"open","sticky":false,"template":"","format":"standard","meta":{"footnotes":""},"categories":[71],"tags":[],"class_list":["post-4325","post","type-post","status-publish","format-standard","hentry","category-noticias"],"_links":{"self":[{"href":"https:\/\/cofarco.com.ar\/ar\/wp-json\/wp\/v2\/posts\/4325","targetHints":{"allow":["GET"]}}],"collection":[{"href":"https:\/\/cofarco.com.ar\/ar\/wp-json\/wp\/v2\/posts"}],"about":[{"href":"https:\/\/cofarco.com.ar\/ar\/wp-json\/wp\/v2\/types\/post"}],"author":[{"embeddable":true,"href":"https:\/\/cofarco.com.ar\/ar\/wp-json\/wp\/v2\/users\/2"}],"replies":[{"embeddable":true,"href":"https:\/\/cofarco.com.ar\/ar\/wp-json\/wp\/v2\/comments?post=4325"}],"version-history":[{"count":1,"href":"https:\/\/cofarco.com.ar\/ar\/wp-json\/wp\/v2\/posts\/4325\/revisions"}],"predecessor-version":[{"id":4327,"href":"https:\/\/cofarco.com.ar\/ar\/wp-json\/wp\/v2\/posts\/4325\/revisions\/4327"}],"wp:attachment":[{"href":"https:\/\/cofarco.com.ar\/ar\/wp-json\/wp\/v2\/media?parent=4325"}],"wp:term":[{"taxonomy":"category","embeddable":true,"href":"https:\/\/cofarco.com.ar\/ar\/wp-json\/wp\/v2\/categories?post=4325"},{"taxonomy":"post_tag","embeddable":true,"href":"https:\/\/cofarco.com.ar\/ar\/wp-json\/wp\/v2\/tags?post=4325"}],"curies":[{"name":"wp","href":"https:\/\/api.w.org\/{rel}","templated":true}]}}