{"id":433,"date":"2014-11-16T13:44:47","date_gmt":"2014-11-16T13:44:47","guid":{"rendered":"http:\/\/www.cofarco.com.ar\/?p=433"},"modified":"2014-11-16T13:44:47","modified_gmt":"2014-11-16T13:44:47","slug":"preocupacion-por-la-faltante-de-remedios","status":"publish","type":"post","link":"https:\/\/cofarco.com.ar\/ar\/2014\/11\/16\/preocupacion-por-la-faltante-de-remedios\/","title":{"rendered":"Preocupaci\u00f3n por la faltante de remedios"},"content":{"rendered":"<p>Ricardo Peris, el \u00a0Revisor de Cuentas del Colegio de Farmac\u00e9uticos de Corrientes se\u00f1al\u00f3 que hay faltante de medicamentos,\u00a0\u201cespecialmente los que provienen de laboratorios extranjeros\u201d, y puso como ejemplo al Decadr\u00f3n, droga que hace tres meses no se consigue. Alert\u00f3 adem\u00e1s que para fin de a\u00f1o puede haber un aumento en los medicamentos que puede oscilar entre 5 y 6%.<\/p>\n<p>\u201cObviamente estamos preocupados sobre todo porque hace varios meses ya estamos con faltantes, especialmente de los medicamentos de los laboratorios extranjeros pero estamos aplicando el medio de sustituci\u00f3n que nos da los laboratorios para reemplazar esas drogas\u201d, dijo Peris.<\/p>\n<p>Explic\u00f3 en ese sentido que, \u201cpor ley los m\u00e9dicos tienen que pedir por marca y drogas y justamente las marcas que solicitan est\u00e1n con faltante&#8221;. &#8220;Estamos tratando que las droguer\u00edas que \u00a0provean directamente del laboratorio ya que algunos casos \u00a0\u00e9stos est\u00e1n importando y realmente el medicamento est\u00e1 en falta en la industria nacional. Por ejemplo hace tres meses que no se consigue decadr\u00f3n\u201d, reiter\u00f3 en di\u00e1logo con Radio Dos.<\/p>\n<p>Sobre la posibilidad de un futuro aumento, Peris adelant\u00f3 que &#8220;para fin de a\u00f1o podr\u00eda haber una suba en los precios de entre \u00a05 y 6%&#8221;. &#8220;Es que vamos corriendo detr\u00e1s de la inflaci\u00f3n\u201d, a\u00f1adi\u00f3.<\/p>\n","protected":false},"excerpt":{"rendered":"<p>Ricardo Peris, el \u00a0Revisor de Cuentas del Colegio de Farmac\u00e9uticos de Corrientes se\u00f1al\u00f3 que hay faltante de medicamentos,\u00a0\u201cespecialmente los que provienen de laboratorios extranjeros\u201d, y puso como ejemplo al Decadr\u00f3n, droga que hace tres meses no se consigue. Alert\u00f3 adem\u00e1s que para fin de a\u00f1o puede haber un aumento en los medicamentos que puede oscilar [&#8230;]\n","protected":false},"author":1,"featured_media":0,"comment_status":"open","ping_status":"open","sticky":false,"template":"","format":"standard","meta":{"footnotes":""},"categories":[72],"tags":[],"class_list":["post-433","post","type-post","status-publish","format-standard","hentry","category-sin-categoria"],"_links":{"self":[{"href":"https:\/\/cofarco.com.ar\/ar\/wp-json\/wp\/v2\/posts\/433","targetHints":{"allow":["GET"]}}],"collection":[{"href":"https:\/\/cofarco.com.ar\/ar\/wp-json\/wp\/v2\/posts"}],"about":[{"href":"https:\/\/cofarco.com.ar\/ar\/wp-json\/wp\/v2\/types\/post"}],"author":[{"embeddable":true,"href":"https:\/\/cofarco.com.ar\/ar\/wp-json\/wp\/v2\/users\/1"}],"replies":[{"embeddable":true,"href":"https:\/\/cofarco.com.ar\/ar\/wp-json\/wp\/v2\/comments?post=433"}],"version-history":[{"count":0,"href":"https:\/\/cofarco.com.ar\/ar\/wp-json\/wp\/v2\/posts\/433\/revisions"}],"wp:attachment":[{"href":"https:\/\/cofarco.com.ar\/ar\/wp-json\/wp\/v2\/media?parent=433"}],"wp:term":[{"taxonomy":"category","embeddable":true,"href":"https:\/\/cofarco.com.ar\/ar\/wp-json\/wp\/v2\/categories?post=433"},{"taxonomy":"post_tag","embeddable":true,"href":"https:\/\/cofarco.com.ar\/ar\/wp-json\/wp\/v2\/tags?post=433"}],"curies":[{"name":"wp","href":"https:\/\/api.w.org\/{rel}","templated":true}]}}