{"id":4337,"date":"2020-03-29T18:12:10","date_gmt":"2020-03-29T21:12:10","guid":{"rendered":"http:\/\/cofarco.com.ar\/ar\/?p=4337"},"modified":"2020-03-30T14:17:28","modified_gmt":"2020-03-30T17:17:28","slug":"programa-barbijo-rojo","status":"publish","type":"post","link":"https:\/\/cofarco.com.ar\/ar\/2020\/03\/29\/programa-barbijo-rojo\/","title":{"rendered":"Programa Barbijo Rojo"},"content":{"rendered":"<p>La Confederaci\u00f3n Farmac\u00e9utica Argentina junto al Ministerio de las Mujeres, G\u00e9neros y Diversidad de la Naci\u00f3n, lanzar\u00e1n en breve el Programa de protecci\u00f3n a v\u00edctimas de violencia de g\u00e9nero llamado &#8220;BARBIJO ROJO&#8221;.<br \/>\nEl Programa BARBIJO ROJO se centra en la situaci\u00f3n de aislamiento que plantea el escenario de la pandemia del COVID19, que seg\u00fan los estudios realizados potencia las posibilidades de violencia de g\u00e9nero intra-hogare\u00f1a, y apunta a generar un espacio para la denuncia de esta situaci\u00f3n.<br \/>\nEste Programa tendr\u00e1 como eje a las farmacias, ya que ser\u00e1 este el lugar donde, por medio del procedimiento que se establece en el Protocolo adjunto, la v\u00edctima o un tercero podr\u00e1n alertar de su situaci\u00f3n de violencia.<br \/>\nUna vez que este proceso de comunicaci\u00f3n concluya y todas las farmacias est\u00e9n informadas, se producir\u00e1 su difusi\u00f3n desde el Ministerio de las Mujeres, G\u00e9neros y Diversidad de la Naci\u00f3n a la comunidad.<br \/>\nPor cualquier duda o consulta en esta instancia por favor dirigirse en COFA al correo electr\u00f3nico: belen@cofa.org.ar .-<\/p>\n<p>Saludos COFA.<\/p>\n\n<div class=\"gde-error\">GDE Error: Error al recuperar el fichero. Si es necesario, desactiva la comprobaci\u00f3n de errores (404:Not Found)<\/div>\n\n","protected":false},"excerpt":{"rendered":"<p>La Confederaci\u00f3n Farmac\u00e9utica Argentina junto al Ministerio de las Mujeres, G\u00e9neros y Diversidad de la Naci\u00f3n, lanzar\u00e1n en breve el Programa de protecci\u00f3n a v\u00edctimas de violencia de g\u00e9nero llamado &#8220;BARBIJO ROJO&#8221;. El Programa BARBIJO ROJO se centra en la situaci\u00f3n de aislamiento que plantea el escenario de la pandemia del COVID19, que seg\u00fan los [&#8230;]\n","protected":false},"author":2,"featured_media":0,"comment_status":"open","ping_status":"open","sticky":false,"template":"","format":"standard","meta":{"footnotes":""},"categories":[71],"tags":[],"class_list":["post-4337","post","type-post","status-publish","format-standard","hentry","category-noticias"],"_links":{"self":[{"href":"https:\/\/cofarco.com.ar\/ar\/wp-json\/wp\/v2\/posts\/4337","targetHints":{"allow":["GET"]}}],"collection":[{"href":"https:\/\/cofarco.com.ar\/ar\/wp-json\/wp\/v2\/posts"}],"about":[{"href":"https:\/\/cofarco.com.ar\/ar\/wp-json\/wp\/v2\/types\/post"}],"author":[{"embeddable":true,"href":"https:\/\/cofarco.com.ar\/ar\/wp-json\/wp\/v2\/users\/2"}],"replies":[{"embeddable":true,"href":"https:\/\/cofarco.com.ar\/ar\/wp-json\/wp\/v2\/comments?post=4337"}],"version-history":[{"count":2,"href":"https:\/\/cofarco.com.ar\/ar\/wp-json\/wp\/v2\/posts\/4337\/revisions"}],"predecessor-version":[{"id":4353,"href":"https:\/\/cofarco.com.ar\/ar\/wp-json\/wp\/v2\/posts\/4337\/revisions\/4353"}],"wp:attachment":[{"href":"https:\/\/cofarco.com.ar\/ar\/wp-json\/wp\/v2\/media?parent=4337"}],"wp:term":[{"taxonomy":"category","embeddable":true,"href":"https:\/\/cofarco.com.ar\/ar\/wp-json\/wp\/v2\/categories?post=4337"},{"taxonomy":"post_tag","embeddable":true,"href":"https:\/\/cofarco.com.ar\/ar\/wp-json\/wp\/v2\/tags?post=4337"}],"curies":[{"name":"wp","href":"https:\/\/api.w.org\/{rel}","templated":true}]}}