{"id":4376,"date":"2020-04-01T17:36:12","date_gmt":"2020-04-01T20:36:12","guid":{"rendered":"http:\/\/cofarco.com.ar\/ar\/?p=4376"},"modified":"2020-04-01T17:36:12","modified_gmt":"2020-04-01T20:36:12","slug":"resolucion-696-2020-y-anexo-i-del-ministerio-de-salud","status":"publish","type":"post","link":"https:\/\/cofarco.com.ar\/ar\/2020\/04\/01\/resolucion-696-2020-y-anexo-i-del-ministerio-de-salud\/","title":{"rendered":"Resoluci\u00f3n 696\/2020 y Anexo I del Ministerio de Salud"},"content":{"rendered":"<p>Enviamos la<b> Resoluci\u00f3n 696\/2020 y Anexo I, <\/b>del Ministerio de Salud donde se autoriza\u00a0con car\u00e1cter excepcional la prescripci\u00f3n de medicamentos que se utilicen bajo receta, en formato de mensaje de texto o mensajes a trav\u00e9s de aplicaciones de mensajer\u00eda v\u00eda web, mail o fax, en el marco del aislamiento social, preventivo y obligatorio dispuesto por el Decreto N\u00b0 297\/2020 y mientras se mantenga vigente la cuarentena all\u00ed dispuesta.<\/p>\n\n<div class=\"gde-error\">GDE Error: La URL solicitada no es v\u00e1lida<\/div>\n \n<div class=\"gde-error\">GDE Error: La URL solicitada no es v\u00e1lida<\/div>\n\n","protected":false},"excerpt":{"rendered":"<p>Enviamos la Resoluci\u00f3n 696\/2020 y Anexo I, del Ministerio de Salud donde se autoriza\u00a0con car\u00e1cter excepcional la prescripci\u00f3n de medicamentos que se utilicen bajo receta, en formato de mensaje de texto o mensajes a trav\u00e9s de aplicaciones de mensajer\u00eda v\u00eda web, mail o fax, en el marco del aislamiento social, preventivo y obligatorio dispuesto por [&#8230;]\n","protected":false},"author":2,"featured_media":0,"comment_status":"open","ping_status":"open","sticky":false,"template":"","format":"standard","meta":{"footnotes":""},"categories":[1],"tags":[],"class_list":["post-4376","post","type-post","status-publish","format-standard","hentry","category-uncategorized"],"_links":{"self":[{"href":"https:\/\/cofarco.com.ar\/ar\/wp-json\/wp\/v2\/posts\/4376","targetHints":{"allow":["GET"]}}],"collection":[{"href":"https:\/\/cofarco.com.ar\/ar\/wp-json\/wp\/v2\/posts"}],"about":[{"href":"https:\/\/cofarco.com.ar\/ar\/wp-json\/wp\/v2\/types\/post"}],"author":[{"embeddable":true,"href":"https:\/\/cofarco.com.ar\/ar\/wp-json\/wp\/v2\/users\/2"}],"replies":[{"embeddable":true,"href":"https:\/\/cofarco.com.ar\/ar\/wp-json\/wp\/v2\/comments?post=4376"}],"version-history":[{"count":1,"href":"https:\/\/cofarco.com.ar\/ar\/wp-json\/wp\/v2\/posts\/4376\/revisions"}],"predecessor-version":[{"id":4379,"href":"https:\/\/cofarco.com.ar\/ar\/wp-json\/wp\/v2\/posts\/4376\/revisions\/4379"}],"wp:attachment":[{"href":"https:\/\/cofarco.com.ar\/ar\/wp-json\/wp\/v2\/media?parent=4376"}],"wp:term":[{"taxonomy":"category","embeddable":true,"href":"https:\/\/cofarco.com.ar\/ar\/wp-json\/wp\/v2\/categories?post=4376"},{"taxonomy":"post_tag","embeddable":true,"href":"https:\/\/cofarco.com.ar\/ar\/wp-json\/wp\/v2\/tags?post=4376"}],"curies":[{"name":"wp","href":"https:\/\/api.w.org\/{rel}","templated":true}]}}