{"id":441,"date":"2015-02-05T11:07:49","date_gmt":"2015-02-05T11:07:49","guid":{"rendered":"http:\/\/www.cofarco.com.ar\/?p=441"},"modified":"2015-02-05T11:07:49","modified_gmt":"2015-02-05T11:07:49","slug":"por-primera-vez-incorporan-un-farmaceutico-a-fiscalizacion-sanitaria","status":"publish","type":"post","link":"https:\/\/cofarco.com.ar\/ar\/2015\/02\/05\/por-primera-vez-incorporan-un-farmaceutico-a-fiscalizacion-sanitaria\/","title":{"rendered":"Por primera vez, incorporan un Farmac\u00e9utico a Fiscalizaci\u00f3n Sanitaria"},"content":{"rendered":"<p style=\"text-align: justify;\">El Colegio de Farmac\u00e9uticos de Corrientes celebra la\u00a0 incorporaci\u00f3n, por primera vez en Corrientes, de un profesional farmac\u00e9utico a la Direcci\u00f3n General de Fiscalizaci\u00f3n Sanitaria para el control espec\u00edficamente de las farmacias, droguer\u00edas y laboratorios en el territorio provincial.<\/p>\n<p style=\"text-align: justify;\">En ese sentido, la comisi\u00f3n directiva de la entidad colegiada expresa su benepl\u00e1cito y agradecimiento al Ministro de Salud P\u00fablica de Corrientes, Juli\u00e1n Dindart, por haber sido el primer funcionario p\u00fablico al frente de la cartera sanitaria en advertir la importancia y necesidad de incorporar un personal id\u00f3neo y capacitado para la fiscalizaci\u00f3n de todo lo que concierne al rubro.<\/p>\n<p style=\"text-align: justify;\">\u201cEs un logro muy importante para nuestra profesi\u00f3n ya que de ahora m\u00e1s tendremos a un profesional preparado acad\u00e9micamente para el control sanitario del rubro. Hasta ahora, Corrientes era una de las \u00fanicas provincias que carec\u00eda de un farmac\u00e9utico en el \u00e1rea de fiscalizaci\u00f3n. Celebramos esta decisi\u00f3n del Ministro de Salud\u201d, expres\u00f3 al respecto Silvia Rodr\u00edguez, la presidenta del Colegio de Farmac\u00e9uticos.<\/p>\n<p style=\"text-align: justify;\">Y prosigui\u00f3: \u201cDe esa manera el doctor Dindart mostr\u00f3 su compromiso por mejorar el sistema sanitario provincial\u201d.<\/p>\n<p style=\"text-align: justify;\">\u201cAhora esperamos que los legisladores acompa\u00f1en esta decisi\u00f3n, con el an\u00e1lisis y la adhesi\u00f3n a las legislaciones nacionales concernientes a nuestra profesi\u00f3n\u201d, concluy\u00f3 Rodr\u00edguez.<\/p>\n<p style=\"text-align: justify;\">Mediante la Resoluci\u00f3n 2195, con fecha 19 de noviembre de 2014, el Ministerio de Salud de la Provincia incorpor\u00f3 como fiscalizadora para Farmacias, Droguer\u00edas y Laboratorios a la profesional farmac\u00e9utica Claudia Viviana Guti\u00e9rrez.<\/p>\n","protected":false},"excerpt":{"rendered":"<p>El Colegio de Farmac\u00e9uticos de Corrientes celebra la\u00a0 incorporaci\u00f3n, por primera vez en Corrientes, de un profesional farmac\u00e9utico a la Direcci\u00f3n General de Fiscalizaci\u00f3n Sanitaria para el control espec\u00edficamente de las farmacias, droguer\u00edas y laboratorios en el territorio provincial. En ese sentido, la comisi\u00f3n directiva de la entidad colegiada expresa su benepl\u00e1cito y agradecimiento al [&#8230;]\n","protected":false},"author":1,"featured_media":0,"comment_status":"open","ping_status":"open","sticky":false,"template":"","format":"standard","meta":{"footnotes":""},"categories":[72],"tags":[],"class_list":["post-441","post","type-post","status-publish","format-standard","hentry","category-sin-categoria"],"_links":{"self":[{"href":"https:\/\/cofarco.com.ar\/ar\/wp-json\/wp\/v2\/posts\/441","targetHints":{"allow":["GET"]}}],"collection":[{"href":"https:\/\/cofarco.com.ar\/ar\/wp-json\/wp\/v2\/posts"}],"about":[{"href":"https:\/\/cofarco.com.ar\/ar\/wp-json\/wp\/v2\/types\/post"}],"author":[{"embeddable":true,"href":"https:\/\/cofarco.com.ar\/ar\/wp-json\/wp\/v2\/users\/1"}],"replies":[{"embeddable":true,"href":"https:\/\/cofarco.com.ar\/ar\/wp-json\/wp\/v2\/comments?post=441"}],"version-history":[{"count":0,"href":"https:\/\/cofarco.com.ar\/ar\/wp-json\/wp\/v2\/posts\/441\/revisions"}],"wp:attachment":[{"href":"https:\/\/cofarco.com.ar\/ar\/wp-json\/wp\/v2\/media?parent=441"}],"wp:term":[{"taxonomy":"category","embeddable":true,"href":"https:\/\/cofarco.com.ar\/ar\/wp-json\/wp\/v2\/categories?post=441"},{"taxonomy":"post_tag","embeddable":true,"href":"https:\/\/cofarco.com.ar\/ar\/wp-json\/wp\/v2\/tags?post=441"}],"curies":[{"name":"wp","href":"https:\/\/api.w.org\/{rel}","templated":true}]}}