{"id":451,"date":"2014-12-12T12:48:45","date_gmt":"2014-12-12T12:48:45","guid":{"rendered":"http:\/\/www.cofarco.com.ar\/?p=451"},"modified":"2014-12-12T12:48:45","modified_gmt":"2014-12-12T12:48:45","slug":"requisitos-para-la-validacion-de-recetas-del-pami","status":"publish","type":"post","link":"https:\/\/cofarco.com.ar\/ar\/2014\/12\/12\/requisitos-para-la-validacion-de-recetas-del-pami\/","title":{"rendered":"Requisitos para la validaci\u00f3n de recetas del PAMI"},"content":{"rendered":"<p>Sabido es que ciertas farmacias omiten la correcta colocaci\u00f3n de los datos del m\u00e9dico prescriptor. La situaci\u00f3n fue advertida por COFA a los Colegios en junio de 2012 pero ahora adquiere mayor importancia \u00a0ya que el PAMI comenzar\u00e1 a cruzar esos datos para verificar su consistencia, y en un futuro pr\u00f3ximo, este procedimiento irregular podr\u00e1 ser pasible de d\u00e9bito.<\/p>\n<p>Esta problem\u00e1tica se registra con las recetas de color verde (no as\u00ed con las llamadas recetas electr\u00f3nicas), ya que en esos casos algunas farmacias insertan en la validaci\u00f3n n\u00fameros ficticios de matr\u00edcula del m\u00e9dico, ya que si bien el sistema requiere de su carga no la toma como registro validable.<\/p>\n<p>La informaci\u00f3n que debe estar correctamente cargada es:<\/p>\n<p>\u00b7\u00a0\u00a0\u00a0\u00a0\u00a0\u00a0\u00a0\u00a0 N\u00famero de matr\u00edcula del m\u00e9dico prescriptor u odont\u00f3logo<\/p>\n<p>\u00b7\u00a0\u00a0\u00a0\u00a0\u00a0\u00a0\u00a0\u00a0 Tipo de matr\u00edcula: Nacional o provincial.<\/p>\n<p>\u00b7\u00a0\u00a0\u00a0\u00a0\u00a0\u00a0\u00a0\u00a0 Apellido y Nombre<\/p>\n<p>Como mencion\u00f3 anteriormente, no son todas las farmacias las que incurren en este problema, sino una baja proporci\u00f3n, pero aun as\u00ed se les recuerda a todas las farmacias prestadoras sobre el cumplimiento de esta normativa, y para focalizar la informaci\u00f3n ponemos a disposici\u00f3n en la carpeta INFORMES del acceso web del Colegio un listado de las farmacias de su jurisdicci\u00f3n donde se registr\u00f3 esta situaci\u00f3n en los \u00faltimos meses.<\/p>\n","protected":false},"excerpt":{"rendered":"<p>Sabido es que ciertas farmacias omiten la correcta colocaci\u00f3n de los datos del m\u00e9dico prescriptor. La situaci\u00f3n fue advertida por COFA a los Colegios en junio de 2012 pero ahora adquiere mayor importancia \u00a0ya que el PAMI comenzar\u00e1 a cruzar esos datos para verificar su consistencia, y en un futuro pr\u00f3ximo, este procedimiento irregular podr\u00e1 [&#8230;]\n","protected":false},"author":1,"featured_media":0,"comment_status":"open","ping_status":"open","sticky":false,"template":"","format":"standard","meta":{"footnotes":""},"categories":[72],"tags":[],"class_list":["post-451","post","type-post","status-publish","format-standard","hentry","category-sin-categoria"],"_links":{"self":[{"href":"https:\/\/cofarco.com.ar\/ar\/wp-json\/wp\/v2\/posts\/451","targetHints":{"allow":["GET"]}}],"collection":[{"href":"https:\/\/cofarco.com.ar\/ar\/wp-json\/wp\/v2\/posts"}],"about":[{"href":"https:\/\/cofarco.com.ar\/ar\/wp-json\/wp\/v2\/types\/post"}],"author":[{"embeddable":true,"href":"https:\/\/cofarco.com.ar\/ar\/wp-json\/wp\/v2\/users\/1"}],"replies":[{"embeddable":true,"href":"https:\/\/cofarco.com.ar\/ar\/wp-json\/wp\/v2\/comments?post=451"}],"version-history":[{"count":0,"href":"https:\/\/cofarco.com.ar\/ar\/wp-json\/wp\/v2\/posts\/451\/revisions"}],"wp:attachment":[{"href":"https:\/\/cofarco.com.ar\/ar\/wp-json\/wp\/v2\/media?parent=451"}],"wp:term":[{"taxonomy":"category","embeddable":true,"href":"https:\/\/cofarco.com.ar\/ar\/wp-json\/wp\/v2\/categories?post=451"},{"taxonomy":"post_tag","embeddable":true,"href":"https:\/\/cofarco.com.ar\/ar\/wp-json\/wp\/v2\/tags?post=451"}],"curies":[{"name":"wp","href":"https:\/\/api.w.org\/{rel}","templated":true}]}}