{"id":4568,"date":"2020-05-08T16:17:43","date_gmt":"2020-05-08T19:17:43","guid":{"rendered":"http:\/\/cofarco.com.ar\/ar\/?p=4568"},"modified":"2020-05-08T16:17:43","modified_gmt":"2020-05-08T19:17:43","slug":"informacion-general-geriatricos-declaracion","status":"publish","type":"post","link":"https:\/\/cofarco.com.ar\/ar\/2020\/05\/08\/informacion-general-geriatricos-declaracion\/","title":{"rendered":"Informaci\u00f3n General: Geri\u00e1tricos &#8211; Declaraci\u00f3n"},"content":{"rendered":"<p>Le hacemos llegar la Declaraci\u00f3n sobre geri\u00e1tricos, para\u00a0 conocimiento y difusi\u00f3n , en versi\u00f3n abreviada y completa con\u00a0 el power point. Es un material que ofrece una visi\u00f3n responsable y apoyo de Enfermer\u00eda en la defensa del adulto mayor. Podr\u00e1 ser compartido con estudiantes, profesionales y la comunidad.<br \/>\nEsta producci\u00f3n es el resultado de un trabajo conjunto\u00a0 y colaborativo del Consejo Deontol\u00f3gico, Comit\u00e9 de Expertos de\u00a0 Enfermer\u00eda en Geriatr\u00eda y\u00a0 Comit\u00e9 de Expertos de Enfermer\u00eda en \u00c9tica y Legislaci\u00f3n de nuestra Federaci\u00f3n Argentina de Enfermer\u00eda.<\/p>\n<p>Fueron consultados distintos documentos nacionales e internacionales, por ello le solicitamos se difundan los tres materiales.<\/p>\n<p>Saludos cordiales.-<\/p>\n<p>Consejo Deontol\u00f3gico: Lics. Amalia Alcorta &#8211; N\u00e9lida Gallardo &#8211; Elena Perich\u00a0 &#8211; Leandro Pusch &#8211; Zulma Silva.<\/p>\n<p>Comit\u00e9 de Expertos de Enfermer\u00eda en Gerontolog\u00eda: Lics. Elizabet Alarc\u00f3n &#8211; Marta \u00c1lvarez &#8211; Regina Ben\u00edtez \u2013 Cristina Savioldi &#8211; Alicia Sposito &#8211; Sergio Varela<\/p>\n<p>Comit\u00e9 de Expertos de Enfermer\u00eda en \u00c9tica y Legislaci\u00f3n: Lics. Rub\u00e9n Lastra\u00a0 &#8211;\u00a0 Elena Perich &#8211; Beatriz Pereira &#8211; Graciela Rojas &#8211; Victoria Rosso \u2013 Zulma Silva &#8211; Hna. Mercedes Zamuner<\/p>\n\n<div class=\"gde-error\">GDE Error: Error al recuperar el fichero. Si es necesario, desactiva la comprobaci\u00f3n de errores (404:Not Found)<\/div>\n \n<div class=\"gde-error\">GDE Error: Error al recuperar el fichero. Si es necesario, desactiva la comprobaci\u00f3n de errores (404:Not Found)<\/div>\n \n<div class=\"gde-error\">GDE Error: Error al recuperar el fichero. Si es necesario, desactiva la comprobaci\u00f3n de errores (404:Not Found)<\/div>\n\n","protected":false},"excerpt":{"rendered":"<p>Le hacemos llegar la Declaraci\u00f3n sobre geri\u00e1tricos, para\u00a0 conocimiento y difusi\u00f3n , en versi\u00f3n abreviada y completa con\u00a0 el power point. Es un material que ofrece una visi\u00f3n responsable y apoyo de Enfermer\u00eda en la defensa del adulto mayor. Podr\u00e1 ser compartido con estudiantes, profesionales y la comunidad. Esta producci\u00f3n es el resultado de un [&#8230;]\n","protected":false},"author":2,"featured_media":0,"comment_status":"open","ping_status":"open","sticky":false,"template":"","format":"standard","meta":{"footnotes":""},"categories":[1],"tags":[],"class_list":["post-4568","post","type-post","status-publish","format-standard","hentry","category-uncategorized"],"_links":{"self":[{"href":"https:\/\/cofarco.com.ar\/ar\/wp-json\/wp\/v2\/posts\/4568","targetHints":{"allow":["GET"]}}],"collection":[{"href":"https:\/\/cofarco.com.ar\/ar\/wp-json\/wp\/v2\/posts"}],"about":[{"href":"https:\/\/cofarco.com.ar\/ar\/wp-json\/wp\/v2\/types\/post"}],"author":[{"embeddable":true,"href":"https:\/\/cofarco.com.ar\/ar\/wp-json\/wp\/v2\/users\/2"}],"replies":[{"embeddable":true,"href":"https:\/\/cofarco.com.ar\/ar\/wp-json\/wp\/v2\/comments?post=4568"}],"version-history":[{"count":1,"href":"https:\/\/cofarco.com.ar\/ar\/wp-json\/wp\/v2\/posts\/4568\/revisions"}],"predecessor-version":[{"id":4572,"href":"https:\/\/cofarco.com.ar\/ar\/wp-json\/wp\/v2\/posts\/4568\/revisions\/4572"}],"wp:attachment":[{"href":"https:\/\/cofarco.com.ar\/ar\/wp-json\/wp\/v2\/media?parent=4568"}],"wp:term":[{"taxonomy":"category","embeddable":true,"href":"https:\/\/cofarco.com.ar\/ar\/wp-json\/wp\/v2\/categories?post=4568"},{"taxonomy":"post_tag","embeddable":true,"href":"https:\/\/cofarco.com.ar\/ar\/wp-json\/wp\/v2\/tags?post=4568"}],"curies":[{"name":"wp","href":"https:\/\/api.w.org\/{rel}","templated":true}]}}