{"id":4623,"date":"2020-05-18T21:11:42","date_gmt":"2020-05-19T00:11:42","guid":{"rendered":"http:\/\/cofarco.com.ar\/ar\/?p=4623"},"modified":"2020-05-18T21:11:42","modified_gmt":"2020-05-19T00:11:42","slug":"inclusion-de-la-farmacia-en-reapertura-y-reinscripcion-para-atp-en-la-emergencia","status":"publish","type":"post","link":"https:\/\/cofarco.com.ar\/ar\/2020\/05\/18\/inclusion-de-la-farmacia-en-reapertura-y-reinscripcion-para-atp-en-la-emergencia\/","title":{"rendered":"Inclusi\u00f3n de la farmacia en reapertura y reinscripci\u00f3n para ATP en la emergencia"},"content":{"rendered":"<p class=\"x_Default\">Nos dirigimos a Uds. a fin de adjuntar un Comunicado de COFA informando sobre la nueva normativa emitida por la AFIP en la que incluye nuevas actividades pasibles de acceder al\u00a0Programa de Asistencia de Emergencia al Trabajo y la Producci\u00f3n (ATP), entre las que se encuentra la farmacia, y que abre un per\u00edodo de reinscripci\u00f3n entre el 14 y el 21 de mayo.<\/p>\n<p class=\"x_MsoNormal\">Saludos<\/p>\n\n<div class=\"gde-error\">GDE Error: Error al recuperar el fichero. Si es necesario, desactiva la comprobaci\u00f3n de errores (404:Not Found)<\/div>\n\n","protected":false},"excerpt":{"rendered":"<p>Nos dirigimos a Uds. a fin de adjuntar un Comunicado de COFA informando sobre la nueva normativa emitida por la AFIP en la que incluye nuevas actividades pasibles de acceder al\u00a0Programa de Asistencia de Emergencia al Trabajo y la Producci\u00f3n (ATP), entre las que se encuentra la farmacia, y que abre un per\u00edodo de reinscripci\u00f3n [&#8230;]\n","protected":false},"author":2,"featured_media":0,"comment_status":"open","ping_status":"open","sticky":false,"template":"","format":"standard","meta":{"footnotes":""},"categories":[1],"tags":[],"class_list":["post-4623","post","type-post","status-publish","format-standard","hentry","category-uncategorized"],"_links":{"self":[{"href":"https:\/\/cofarco.com.ar\/ar\/wp-json\/wp\/v2\/posts\/4623","targetHints":{"allow":["GET"]}}],"collection":[{"href":"https:\/\/cofarco.com.ar\/ar\/wp-json\/wp\/v2\/posts"}],"about":[{"href":"https:\/\/cofarco.com.ar\/ar\/wp-json\/wp\/v2\/types\/post"}],"author":[{"embeddable":true,"href":"https:\/\/cofarco.com.ar\/ar\/wp-json\/wp\/v2\/users\/2"}],"replies":[{"embeddable":true,"href":"https:\/\/cofarco.com.ar\/ar\/wp-json\/wp\/v2\/comments?post=4623"}],"version-history":[{"count":1,"href":"https:\/\/cofarco.com.ar\/ar\/wp-json\/wp\/v2\/posts\/4623\/revisions"}],"predecessor-version":[{"id":4625,"href":"https:\/\/cofarco.com.ar\/ar\/wp-json\/wp\/v2\/posts\/4623\/revisions\/4625"}],"wp:attachment":[{"href":"https:\/\/cofarco.com.ar\/ar\/wp-json\/wp\/v2\/media?parent=4623"}],"wp:term":[{"taxonomy":"category","embeddable":true,"href":"https:\/\/cofarco.com.ar\/ar\/wp-json\/wp\/v2\/categories?post=4623"},{"taxonomy":"post_tag","embeddable":true,"href":"https:\/\/cofarco.com.ar\/ar\/wp-json\/wp\/v2\/tags?post=4623"}],"curies":[{"name":"wp","href":"https:\/\/api.w.org\/{rel}","templated":true}]}}