{"id":4641,"date":"2020-05-21T09:24:39","date_gmt":"2020-05-21T12:24:39","guid":{"rendered":"http:\/\/cofarco.com.ar\/ar\/?p=4641"},"modified":"2020-05-21T09:24:39","modified_gmt":"2020-05-21T12:24:39","slug":"designacion-del-director-nacional-de-medicamentos-y-tecnologia","status":"publish","type":"post","link":"https:\/\/cofarco.com.ar\/ar\/2020\/05\/21\/designacion-del-director-nacional-de-medicamentos-y-tecnologia\/","title":{"rendered":"Designaci\u00f3n del Director Nacional de Medicamentos y Tecnolog\u00eda"},"content":{"rendered":"<p>Enviamos texto de la Decisi\u00f3n Administrativa 760 publicada en el Bolet\u00edn Oficial 34.385 de la fecha, designando al Director Nacional de Medicamentos y Tecnolog\u00eda Sanitaria del Ministerio de salud de la Naci\u00f3n, Dr. Emiliano Andr\u00e9s Melero.<\/p>\n<p>Saludos cordiales, COFARCO &#8211; COFA.-<\/p>\n\n<div class=\"gde-error\">GDE Error: La URL solicitada no es v\u00e1lida<\/div>\n\n","protected":false},"excerpt":{"rendered":"<p>Enviamos texto de la Decisi\u00f3n Administrativa 760 publicada en el Bolet\u00edn Oficial 34.385 de la fecha, designando al Director Nacional de Medicamentos y Tecnolog\u00eda Sanitaria del Ministerio de salud de la Naci\u00f3n, Dr. Emiliano Andr\u00e9s Melero. Saludos cordiales, COFARCO &#8211; COFA.-<\/p>\n","protected":false},"author":2,"featured_media":0,"comment_status":"open","ping_status":"open","sticky":false,"template":"","format":"standard","meta":{"footnotes":""},"categories":[1],"tags":[],"class_list":["post-4641","post","type-post","status-publish","format-standard","hentry","category-uncategorized"],"_links":{"self":[{"href":"https:\/\/cofarco.com.ar\/ar\/wp-json\/wp\/v2\/posts\/4641","targetHints":{"allow":["GET"]}}],"collection":[{"href":"https:\/\/cofarco.com.ar\/ar\/wp-json\/wp\/v2\/posts"}],"about":[{"href":"https:\/\/cofarco.com.ar\/ar\/wp-json\/wp\/v2\/types\/post"}],"author":[{"embeddable":true,"href":"https:\/\/cofarco.com.ar\/ar\/wp-json\/wp\/v2\/users\/2"}],"replies":[{"embeddable":true,"href":"https:\/\/cofarco.com.ar\/ar\/wp-json\/wp\/v2\/comments?post=4641"}],"version-history":[{"count":1,"href":"https:\/\/cofarco.com.ar\/ar\/wp-json\/wp\/v2\/posts\/4641\/revisions"}],"predecessor-version":[{"id":4643,"href":"https:\/\/cofarco.com.ar\/ar\/wp-json\/wp\/v2\/posts\/4641\/revisions\/4643"}],"wp:attachment":[{"href":"https:\/\/cofarco.com.ar\/ar\/wp-json\/wp\/v2\/media?parent=4641"}],"wp:term":[{"taxonomy":"category","embeddable":true,"href":"https:\/\/cofarco.com.ar\/ar\/wp-json\/wp\/v2\/categories?post=4641"},{"taxonomy":"post_tag","embeddable":true,"href":"https:\/\/cofarco.com.ar\/ar\/wp-json\/wp\/v2\/tags?post=4641"}],"curies":[{"name":"wp","href":"https:\/\/api.w.org\/{rel}","templated":true}]}}