{"id":468,"date":"2015-01-26T19:25:36","date_gmt":"2015-01-26T19:25:36","guid":{"rendered":"http:\/\/www.cofarco.com.ar\/?p=468"},"modified":"2015-01-26T19:25:36","modified_gmt":"2015-01-26T19:25:36","slug":"nuevo-cuerpo-directivo","status":"publish","type":"post","link":"https:\/\/cofarco.com.ar\/ar\/2015\/01\/26\/nuevo-cuerpo-directivo\/","title":{"rendered":"Nuevo cuerpo directivo"},"content":{"rendered":"<p style=\"text-align: justify;\" align=\"center\">El d\u00eda 18 de diciembre de 2014 se realiz\u00f3 en la sede del Colegio de Farmac\u00e9uticos de Corrientes la Asamblea General Ordinaria, donde se hizo lectura y se puso a consideraci\u00f3n la Memoria, Balance General, Inventario, Cuentas de Gastos e Informe del \u00d3rgano de fiscalizaci\u00f3n. Durante el mismo acto, se procedi\u00f3 a la renovaci\u00f3n parcial del cuerpo directivo.<\/p>\n<p style=\"text-align: justify;\">Tras ello, el Directorio qued\u00f3 conformado de la siguiente manera:<\/p>\n<p>PRESIDENTE: Rodr\u00edguez Silvia Cristina<\/p>\n<p>VICE-PRESIDENTE: Acevedo Claudio Norberto<\/p>\n<p>SECRETARIO: Fridman Gerardo Abraham<\/p>\n<p>TESORERO: Moulin Walter Alejandro<\/p>\n<p>VOCAL TITULAR 1\u00ba: Fridman Julio<\/p>\n<p>VOCAL TITULAR 2\u00ba: Flores Sandra Elena<\/p>\n<p>VOCAL TITULAR 3\u00ba: Fern\u00e1ndez C\u00e9spedes Augusto Maximiliano<\/p>\n<p>VOCAL SUPLENTE 1\u00ba: Leale Horacio Esteban<\/p>\n<p>VOCAL SUPLENTE 2\u00ba: Mar\u00edn Gonzalo Ra\u00fal<\/p>\n<p>VOCAL SUPLENTE 3\u00ba: Canteros Sandra Griselda<\/p>\n<p>ORGANO FISCALIZACION: Peris Ricardo Guillermo<\/p>\n<p>ORGANO FISCALIZACION: Cosentino Mar\u00eda Alejandra<\/p>\n","protected":false},"excerpt":{"rendered":"<p>El d\u00eda 18 de diciembre de 2014 se realiz\u00f3 en la sede del Colegio de Farmac\u00e9uticos de Corrientes la Asamblea General Ordinaria, donde se hizo lectura y se puso a consideraci\u00f3n la Memoria, Balance General, Inventario, Cuentas de Gastos e Informe del \u00d3rgano de fiscalizaci\u00f3n. Durante el mismo acto, se procedi\u00f3 a la renovaci\u00f3n parcial [&#8230;]\n","protected":false},"author":1,"featured_media":469,"comment_status":"open","ping_status":"open","sticky":false,"template":"","format":"standard","meta":{"footnotes":""},"categories":[72],"tags":[],"class_list":["post-468","post","type-post","status-publish","format-standard","has-post-thumbnail","hentry","category-sin-categoria"],"_links":{"self":[{"href":"https:\/\/cofarco.com.ar\/ar\/wp-json\/wp\/v2\/posts\/468","targetHints":{"allow":["GET"]}}],"collection":[{"href":"https:\/\/cofarco.com.ar\/ar\/wp-json\/wp\/v2\/posts"}],"about":[{"href":"https:\/\/cofarco.com.ar\/ar\/wp-json\/wp\/v2\/types\/post"}],"author":[{"embeddable":true,"href":"https:\/\/cofarco.com.ar\/ar\/wp-json\/wp\/v2\/users\/1"}],"replies":[{"embeddable":true,"href":"https:\/\/cofarco.com.ar\/ar\/wp-json\/wp\/v2\/comments?post=468"}],"version-history":[{"count":0,"href":"https:\/\/cofarco.com.ar\/ar\/wp-json\/wp\/v2\/posts\/468\/revisions"}],"wp:attachment":[{"href":"https:\/\/cofarco.com.ar\/ar\/wp-json\/wp\/v2\/media?parent=468"}],"wp:term":[{"taxonomy":"category","embeddable":true,"href":"https:\/\/cofarco.com.ar\/ar\/wp-json\/wp\/v2\/categories?post=468"},{"taxonomy":"post_tag","embeddable":true,"href":"https:\/\/cofarco.com.ar\/ar\/wp-json\/wp\/v2\/tags?post=468"}],"curies":[{"name":"wp","href":"https:\/\/api.w.org\/{rel}","templated":true}]}}