{"id":479,"date":"2015-02-02T19:52:59","date_gmt":"2015-02-02T19:52:59","guid":{"rendered":"http:\/\/www.cofarco.com.ar\/?p=479"},"modified":"2015-02-02T19:52:59","modified_gmt":"2015-02-02T19:52:59","slug":"el-precio-de-los-medicamentos-sube-hasta-un-5","status":"publish","type":"post","link":"https:\/\/cofarco.com.ar\/ar\/2015\/02\/02\/el-precio-de-los-medicamentos-sube-hasta-un-5\/","title":{"rendered":"El precio de los medicamentos sube hasta un 5%"},"content":{"rendered":"<p><em>Ese ser\u00e1 el incremento para los remedios menos vendidos. Para los de mayores ventas el alza alcanzar\u00e1 un 3%. Hab\u00eda malestar en la industria por la indefinici\u00f3n del tema.<\/em><\/p>\n<p>Si bien el Gobierno hab\u00eda acordado con los laboratorios que el nuevo cuadro tarifario comenzar\u00eda a regir a partir comienzos de este mes \u0096-algo que no ocurri\u00f3-\u0096 ahora se dispuso que los incrementos corran en forma inmediata, y que oscilen entre el 3% y el cinco por ciento.<br \/>\nLa confirmaci\u00f3n respecto de este nuevo retoque lleg\u00f3 a trav\u00e9s de fuentes del sector consultadas por El Cronista, informaci\u00f3n que tambi\u00e9n public\u00f3 el sitio Pharmabiz.<br \/>\nDurante los primeros d\u00edas de enero, los laboratorios y el secretario de Comercio Interior, Augusto Costa, mantuvieron un encuentro no s\u00f3lo para definir el tema, sino tambi\u00e9n para intentar tener precisiones acerca de por qu\u00e9 los incrementos no se hab\u00edan dado tal cual lo acordado, aunque no lograron mayores definiciones.<br \/>\nPara el sector, la autorizaci\u00f3n de un nuevo esquema tarifario era fundamental.<br \/>\nEntienden que durante el a\u00f1o pasado el alza total permitida no lleg\u00f3 ni siquiera a empardar lo que tuvieron que desembolsar para los diferentes \u00edtems operativos. Por s\u00f3lo citar uno de los m\u00e1s relevantes, resalta el de los acuerdos paritarios.<br \/>\nPor ejemplo, los agentes de propaganda m\u00e9dica recibieron una mejora salarial de 34% este ano, mientras que los operarios de planta enrolados en Fatsa, el 33 por ciento.<br \/>\nY para este a\u00f1o el temor es que ocurra un desfasaje similar.<br \/>\nDe acuerdo con el esquema habitual para estos casos, los incrementos de precios m\u00e1s fuertes \u0096que llegar\u00edan al 5%\u0096 correr\u00e1n para los remedios menos populares, en tanto que los m\u00e1s vendidos ser\u00e1n cargados con un alza de tres por ciento.<br \/>\nEn la b\u00fasqueda de explicaciones en torno de por qu\u00e9 el Gobierno no cumpli\u00f3 con la aplicaci\u00f3n de la suba a partir de comienzos de enero, algunas voces precisan que la relaci\u00f3n entre laboratorios y Gobierno entr\u00f3 en terreno pantanoso luego de que a comienzos del a\u00f1o pasado los laboratorios se lanzaran sin previa consulta a modificar los valores, algo que no cay\u00f3 nada bien en la Casa Rosada.<br \/>\nDe hecho, esto gener\u00f3 que a meses despu\u00e9s se los obligara a retrotraer los precios.<br \/>\nTal como public\u00f3 El Cronista el 22 de enero \u00faltimo, desde la industria farmac\u00e9utica se resalta la necesidad de que durante 2015 se redondee un incremento en los valores que alcance, al menos, un 30%, una cifra que aparece como elevada para el Gobierno, pero que la industria entiende que \u201ces lo m\u00ednimo que precisamos para no salir perdiendo\u201d.<br \/>\nLos precios de los medicamentos hab\u00edan crecido por \u00faltima vez en diciembre de 2014.<br \/>\nEn aquella oportunidad el incremento que se hab\u00eda aplicado fue del 3%, algo que si bien fue recibido de forma positiva por los empresarios del sector no termin\u00f3 de convencerlos, ya que esperaban un cinco por ciento.<br \/>\nAs\u00ed, afirmaron que el a\u00f1o pasado no se llegaron a cubrir las necesidades m\u00ednimas que requer\u00edan en este sentido.<\/p>\n<p>Fuente: El Cronista<\/p>\n","protected":false},"excerpt":{"rendered":"<p>Ese ser\u00e1 el incremento para los remedios menos vendidos. Para los de mayores ventas el alza alcanzar\u00e1 un 3%. Hab\u00eda malestar en la industria por la indefinici\u00f3n del tema. Si bien el Gobierno hab\u00eda acordado con los laboratorios que el nuevo cuadro tarifario comenzar\u00eda a regir a partir comienzos de este mes \u0096-algo que no [&#8230;]\n","protected":false},"author":1,"featured_media":0,"comment_status":"open","ping_status":"open","sticky":false,"template":"","format":"standard","meta":{"footnotes":""},"categories":[72],"tags":[],"class_list":["post-479","post","type-post","status-publish","format-standard","hentry","category-sin-categoria"],"_links":{"self":[{"href":"https:\/\/cofarco.com.ar\/ar\/wp-json\/wp\/v2\/posts\/479","targetHints":{"allow":["GET"]}}],"collection":[{"href":"https:\/\/cofarco.com.ar\/ar\/wp-json\/wp\/v2\/posts"}],"about":[{"href":"https:\/\/cofarco.com.ar\/ar\/wp-json\/wp\/v2\/types\/post"}],"author":[{"embeddable":true,"href":"https:\/\/cofarco.com.ar\/ar\/wp-json\/wp\/v2\/users\/1"}],"replies":[{"embeddable":true,"href":"https:\/\/cofarco.com.ar\/ar\/wp-json\/wp\/v2\/comments?post=479"}],"version-history":[{"count":0,"href":"https:\/\/cofarco.com.ar\/ar\/wp-json\/wp\/v2\/posts\/479\/revisions"}],"wp:attachment":[{"href":"https:\/\/cofarco.com.ar\/ar\/wp-json\/wp\/v2\/media?parent=479"}],"wp:term":[{"taxonomy":"category","embeddable":true,"href":"https:\/\/cofarco.com.ar\/ar\/wp-json\/wp\/v2\/categories?post=479"},{"taxonomy":"post_tag","embeddable":true,"href":"https:\/\/cofarco.com.ar\/ar\/wp-json\/wp\/v2\/tags?post=479"}],"curies":[{"name":"wp","href":"https:\/\/api.w.org\/{rel}","templated":true}]}}