{"id":4799,"date":"2020-06-16T17:18:26","date_gmt":"2020-06-16T20:18:26","guid":{"rendered":"http:\/\/cofarco.com.ar\/ar\/?p=4799"},"modified":"2020-06-16T17:18:26","modified_gmt":"2020-06-16T20:18:26","slug":"calendario-cofarco-2020-2do-semestre-farmacias","status":"publish","type":"post","link":"https:\/\/cofarco.com.ar\/ar\/2020\/06\/16\/calendario-cofarco-2020-2do-semestre-farmacias\/","title":{"rendered":"CALENDARIO-COFARCO 2020 2do. SEMESTRE Farmacias"},"content":{"rendered":"<p>Buenas tardes.<\/p>\n<p>Informamos y enviamos el Calendario de presentaciones de Obras Sociales del 2\u00ba Semestre del a\u00f1o 2.020 correspondiente a las farmacias asociadas del Colegio de Farmac\u00e9uticos de Corrientes (COFARCO). Por favor tener en cuenta este calendario para las presentaciones ante nuestra Instituci\u00f3n de las obras sociales. Saludos.-<\/p>\n<p>Sin otro particular, saludamos a ustedes Atte.<br \/>\nColegio de Farmac\u00e9uticos de Corrientes (COFARCO).<\/p>\n\n<div class=\"gde-error\">GDE Error: La URL solicitada no es v\u00e1lida<\/div>\n\n","protected":false},"excerpt":{"rendered":"<p>Buenas tardes. Informamos y enviamos el Calendario de presentaciones de Obras Sociales del 2\u00ba Semestre del a\u00f1o 2.020 correspondiente a las farmacias asociadas del Colegio de Farmac\u00e9uticos de Corrientes (COFARCO). Por favor tener en cuenta este calendario para las presentaciones ante nuestra Instituci\u00f3n de las obras sociales. Saludos.- Sin otro particular, saludamos a ustedes Atte. [&#8230;]\n","protected":false},"author":2,"featured_media":0,"comment_status":"open","ping_status":"open","sticky":false,"template":"","format":"standard","meta":{"footnotes":""},"categories":[1],"tags":[],"class_list":["post-4799","post","type-post","status-publish","format-standard","hentry","category-uncategorized"],"_links":{"self":[{"href":"https:\/\/cofarco.com.ar\/ar\/wp-json\/wp\/v2\/posts\/4799","targetHints":{"allow":["GET"]}}],"collection":[{"href":"https:\/\/cofarco.com.ar\/ar\/wp-json\/wp\/v2\/posts"}],"about":[{"href":"https:\/\/cofarco.com.ar\/ar\/wp-json\/wp\/v2\/types\/post"}],"author":[{"embeddable":true,"href":"https:\/\/cofarco.com.ar\/ar\/wp-json\/wp\/v2\/users\/2"}],"replies":[{"embeddable":true,"href":"https:\/\/cofarco.com.ar\/ar\/wp-json\/wp\/v2\/comments?post=4799"}],"version-history":[{"count":1,"href":"https:\/\/cofarco.com.ar\/ar\/wp-json\/wp\/v2\/posts\/4799\/revisions"}],"predecessor-version":[{"id":4801,"href":"https:\/\/cofarco.com.ar\/ar\/wp-json\/wp\/v2\/posts\/4799\/revisions\/4801"}],"wp:attachment":[{"href":"https:\/\/cofarco.com.ar\/ar\/wp-json\/wp\/v2\/media?parent=4799"}],"wp:term":[{"taxonomy":"category","embeddable":true,"href":"https:\/\/cofarco.com.ar\/ar\/wp-json\/wp\/v2\/categories?post=4799"},{"taxonomy":"post_tag","embeddable":true,"href":"https:\/\/cofarco.com.ar\/ar\/wp-json\/wp\/v2\/tags?post=4799"}],"curies":[{"name":"wp","href":"https:\/\/api.w.org\/{rel}","templated":true}]}}