{"id":492,"date":"2015-03-09T12:47:00","date_gmt":"2015-03-09T12:47:00","guid":{"rendered":"http:\/\/www.cofarco.com.ar\/?p=492"},"modified":"2015-03-09T12:47:00","modified_gmt":"2015-03-09T12:47:00","slug":"pami-panales-reempadronamiento-de-afiliados","status":"publish","type":"post","link":"https:\/\/cofarco.com.ar\/ar\/2015\/03\/09\/pami-panales-reempadronamiento-de-afiliados\/","title":{"rendered":"PAMI Pa\u00f1ales \u2013 Reempadronamiento de afiliados"},"content":{"rendered":"<p>PAMI ha dispuesto para los afiliados beneficiarios del convenio PAMI PA\u00d1ALES un reempadronamiento para seguir recibiendo la provisi\u00f3n mensual correspondiente.<\/p>\n<p>Por tal motivo es que se solicita a las farmacias prestadoras que comenten esta necesidad con sus pacientes, quienes deber\u00e1n concurrir personalmente, o a trav\u00e9s de su apoderado, a la UGL Delegaci\u00f3n PAMI correspondiente a realizar el tr\u00e1mite de reempadronamiento antes del 30 de abril, ya que todo aquel afiliado que no realice el citado tr\u00e1mite, a partir del 1\u00ba de mayo perder\u00e1 el beneficio al ser quitado de la base del sistema.<\/p>\n<p>El reempadronamiento de los beneficiarios de PAMI Pa\u00f1ales tiene que ser tramitado por el afiliado o apoderado de manera personal en la UGL\/Delegaci\u00f3n PAMI, no pudiendo ser realizado por v\u00eda telef\u00f3nica.<\/p>\n","protected":false},"excerpt":{"rendered":"<p>PAMI ha dispuesto para los afiliados beneficiarios del convenio PAMI PA\u00d1ALES un reempadronamiento para seguir recibiendo la provisi\u00f3n mensual correspondiente. Por tal motivo es que se solicita a las farmacias prestadoras que comenten esta necesidad con sus pacientes, quienes deber\u00e1n concurrir personalmente, o a trav\u00e9s de su apoderado, a la UGL Delegaci\u00f3n PAMI correspondiente a [&#8230;]\n","protected":false},"author":1,"featured_media":0,"comment_status":"open","ping_status":"open","sticky":false,"template":"","format":"standard","meta":{"footnotes":""},"categories":[72],"tags":[],"class_list":["post-492","post","type-post","status-publish","format-standard","hentry","category-sin-categoria"],"_links":{"self":[{"href":"https:\/\/cofarco.com.ar\/ar\/wp-json\/wp\/v2\/posts\/492","targetHints":{"allow":["GET"]}}],"collection":[{"href":"https:\/\/cofarco.com.ar\/ar\/wp-json\/wp\/v2\/posts"}],"about":[{"href":"https:\/\/cofarco.com.ar\/ar\/wp-json\/wp\/v2\/types\/post"}],"author":[{"embeddable":true,"href":"https:\/\/cofarco.com.ar\/ar\/wp-json\/wp\/v2\/users\/1"}],"replies":[{"embeddable":true,"href":"https:\/\/cofarco.com.ar\/ar\/wp-json\/wp\/v2\/comments?post=492"}],"version-history":[{"count":0,"href":"https:\/\/cofarco.com.ar\/ar\/wp-json\/wp\/v2\/posts\/492\/revisions"}],"wp:attachment":[{"href":"https:\/\/cofarco.com.ar\/ar\/wp-json\/wp\/v2\/media?parent=492"}],"wp:term":[{"taxonomy":"category","embeddable":true,"href":"https:\/\/cofarco.com.ar\/ar\/wp-json\/wp\/v2\/categories?post=492"},{"taxonomy":"post_tag","embeddable":true,"href":"https:\/\/cofarco.com.ar\/ar\/wp-json\/wp\/v2\/tags?post=492"}],"curies":[{"name":"wp","href":"https:\/\/api.w.org\/{rel}","templated":true}]}}