{"id":495,"date":"2015-03-20T14:50:58","date_gmt":"2015-03-20T14:50:58","guid":{"rendered":"http:\/\/www.cofarco.com.ar\/?p=495"},"modified":"2015-03-20T14:50:58","modified_gmt":"2015-03-20T14:50:58","slug":"acuerdo-de-trabajo-con-la-facultad-de-medicina","status":"publish","type":"post","link":"https:\/\/cofarco.com.ar\/ar\/2015\/03\/20\/acuerdo-de-trabajo-con-la-facultad-de-medicina\/","title":{"rendered":"Acuerdo de trabajo con la Facultad de Medicina"},"content":{"rendered":"<p>El Colegio de Farmac\u00e9uticos de Corrientes firm\u00f3 con la Facultad de Medicina de la Unne un convenio de Cooperaci\u00f3n a trav\u00e9s del cual pondr\u00e1 en marcha un programa para la promoci\u00f3n y realizaci\u00f3n de acciones conjuntas, en materia\u00a0 de capacitaci\u00f3n y extensi\u00f3n, para abordar temas de mutuo inter\u00e9s.<\/p>\n<p>Participaron de la firma del acuerdo la Presidenta del Colegio de Farmac\u00e9uticos, Silvia Rodr\u00edguez; el Secretario, Gerardo Fridman; el Decano de la Facultad de Medicina, Profesor Omar Larroza; la Coordinadora del Comit\u00e9 de Bio\u00e9tica, Lorena Dos Santos Antola y Sergio Daniel Morales.<\/p>\n<p>Cabe se\u00f1alar que\u00a0 las unidades\u00a0 ejecutoras ser\u00e1n\u00a0 las C\u00e1tedras de Farmacolog\u00eda y Emergentolog\u00eda\u00a0 pertenecientes de la Unidad Acad\u00e9mica formadora de profesionales de Ciencias de la Salud.<\/p>\n<p>De esta manera, las entidades firmantes esperan desarrollar acciones que beneficien\u00a0 a ambas Instituciones y a distintas regiones del pa\u00eds.<\/p>\n<p>Los lineamientos del acuerdo incluyen tambi\u00e9n que la instrumentaci\u00f3n del mismo\u00a0 se realizar\u00e1 a trav\u00e9s de Actas Complementarias\u00a0 en las que se establecer\u00e1n los objetivos de las acciones a desarrollar, la responsabilidad de cada\u00a0 parte y el aporte de recursos humanos, materiales y financieros que cada uno destina a su ejecuci\u00f3n.<\/p>\n<p>&nbsp;<\/p>\n","protected":false},"excerpt":{"rendered":"<p>El Colegio de Farmac\u00e9uticos de Corrientes firm\u00f3 con la Facultad de Medicina de la Unne un convenio de Cooperaci\u00f3n a trav\u00e9s del cual pondr\u00e1 en marcha un programa para la promoci\u00f3n y realizaci\u00f3n de acciones conjuntas, en materia\u00a0 de capacitaci\u00f3n y extensi\u00f3n, para abordar temas de mutuo inter\u00e9s. Participaron de la firma del acuerdo la [&#8230;]\n","protected":false},"author":1,"featured_media":496,"comment_status":"open","ping_status":"open","sticky":false,"template":"","format":"standard","meta":{"footnotes":""},"categories":[72],"tags":[],"class_list":["post-495","post","type-post","status-publish","format-standard","has-post-thumbnail","hentry","category-sin-categoria"],"_links":{"self":[{"href":"https:\/\/cofarco.com.ar\/ar\/wp-json\/wp\/v2\/posts\/495","targetHints":{"allow":["GET"]}}],"collection":[{"href":"https:\/\/cofarco.com.ar\/ar\/wp-json\/wp\/v2\/posts"}],"about":[{"href":"https:\/\/cofarco.com.ar\/ar\/wp-json\/wp\/v2\/types\/post"}],"author":[{"embeddable":true,"href":"https:\/\/cofarco.com.ar\/ar\/wp-json\/wp\/v2\/users\/1"}],"replies":[{"embeddable":true,"href":"https:\/\/cofarco.com.ar\/ar\/wp-json\/wp\/v2\/comments?post=495"}],"version-history":[{"count":0,"href":"https:\/\/cofarco.com.ar\/ar\/wp-json\/wp\/v2\/posts\/495\/revisions"}],"wp:attachment":[{"href":"https:\/\/cofarco.com.ar\/ar\/wp-json\/wp\/v2\/media?parent=495"}],"wp:term":[{"taxonomy":"category","embeddable":true,"href":"https:\/\/cofarco.com.ar\/ar\/wp-json\/wp\/v2\/categories?post=495"},{"taxonomy":"post_tag","embeddable":true,"href":"https:\/\/cofarco.com.ar\/ar\/wp-json\/wp\/v2\/tags?post=495"}],"curies":[{"name":"wp","href":"https:\/\/api.w.org\/{rel}","templated":true}]}}