{"id":498,"date":"2015-03-26T18:31:54","date_gmt":"2015-03-26T18:31:54","guid":{"rendered":"http:\/\/www.cofarco.com.ar\/?p=498"},"modified":"2015-03-26T18:31:54","modified_gmt":"2015-03-26T18:31:54","slug":"taller-farmaceuticos-por-la-calidad-de-vida","status":"publish","type":"post","link":"https:\/\/cofarco.com.ar\/ar\/2015\/03\/26\/taller-farmaceuticos-por-la-calidad-de-vida\/","title":{"rendered":"Taller \u201cFarmac\u00e9uticos por la calidad de Vida\u201d"},"content":{"rendered":"<p>El s\u00e1bado 11 de abril se realizar\u00e1 en el Sal\u00f3n de Conferencias del Colegio de Farmac\u00e9uticos de Chaco el taller &#8220;Farmac\u00e9uticos por la calidad de vida&#8221;, del programa Farcavi. La disertante ser\u00e1 la farmac\u00e9utica Laura Raccagni. La invitaci\u00f3n se hace extensiva a los profesionales de Corrientes.<\/p>\n<p>La actividad es gratuita y con ella se otorgar\u00e1n 1.5 cr\u00e9ditos para certificaci\u00f3n. Durante el encuentro se abordar\u00e1 el rol del profesional farmac\u00e9utico como agente sanitario indispensable en la promoci\u00f3n de h\u00e1bitos saludables para disminuir los factores de riesgo en salud y mejorar la calidad de vida de la poblaci\u00f3n.<\/p>\n<p>Los interesados deber\u00e1n confirmar su participaci\u00f3n antes del 7 de abril.<\/p>\n<p>El programa Farmac\u00e9uticos por la Calidad de Vida (Farcavi) es una iniciativa que se gest\u00f3 a principios del a\u00f1o 2007 en el Colegio de Farmac\u00e9uticos de la Provincia de Buenos Aires. Se sustenta en la necesidad que implica lograr una mejor calidad de vida en la comunidad, realizando acciones de Promoci\u00f3n de Salud a trav\u00e9s de h\u00e1bitos saludables, trabajando interdisciplinariamente con los profesionales sanitarios de cada localidad, tejiendo la red necesaria de comunicaci\u00f3n y asumiendo la responsabilidad \u00e9tica del desempe\u00f1o.<\/p>\n<p>Reconoce el rol importante de los farmac\u00e9uticos en la salud p\u00fablica y la utilizaci\u00f3n de los medicamentos. Hace hincapi\u00e9 en su responsabilidad de suministrar a la poblaci\u00f3n consejos adecuados y objetivos respecto de los medicamentos y sus usos, de promover el concepto de la atenci\u00f3n farmac\u00e9utica y de participar activamente en la prevenci\u00f3n de enfermedades y la promoci\u00f3n de la salud.<\/p>\n","protected":false},"excerpt":{"rendered":"<p>El s\u00e1bado 11 de abril se realizar\u00e1 en el Sal\u00f3n de Conferencias del Colegio de Farmac\u00e9uticos de Chaco el taller &#8220;Farmac\u00e9uticos por la calidad de vida&#8221;, del programa Farcavi. La disertante ser\u00e1 la farmac\u00e9utica Laura Raccagni. La invitaci\u00f3n se hace extensiva a los profesionales de Corrientes. La actividad es gratuita y con ella se otorgar\u00e1n [&#8230;]\n","protected":false},"author":1,"featured_media":499,"comment_status":"open","ping_status":"open","sticky":false,"template":"","format":"standard","meta":{"footnotes":""},"categories":[72],"tags":[],"class_list":["post-498","post","type-post","status-publish","format-standard","has-post-thumbnail","hentry","category-sin-categoria"],"_links":{"self":[{"href":"https:\/\/cofarco.com.ar\/ar\/wp-json\/wp\/v2\/posts\/498","targetHints":{"allow":["GET"]}}],"collection":[{"href":"https:\/\/cofarco.com.ar\/ar\/wp-json\/wp\/v2\/posts"}],"about":[{"href":"https:\/\/cofarco.com.ar\/ar\/wp-json\/wp\/v2\/types\/post"}],"author":[{"embeddable":true,"href":"https:\/\/cofarco.com.ar\/ar\/wp-json\/wp\/v2\/users\/1"}],"replies":[{"embeddable":true,"href":"https:\/\/cofarco.com.ar\/ar\/wp-json\/wp\/v2\/comments?post=498"}],"version-history":[{"count":0,"href":"https:\/\/cofarco.com.ar\/ar\/wp-json\/wp\/v2\/posts\/498\/revisions"}],"wp:attachment":[{"href":"https:\/\/cofarco.com.ar\/ar\/wp-json\/wp\/v2\/media?parent=498"}],"wp:term":[{"taxonomy":"category","embeddable":true,"href":"https:\/\/cofarco.com.ar\/ar\/wp-json\/wp\/v2\/categories?post=498"},{"taxonomy":"post_tag","embeddable":true,"href":"https:\/\/cofarco.com.ar\/ar\/wp-json\/wp\/v2\/tags?post=498"}],"curies":[{"name":"wp","href":"https:\/\/api.w.org\/{rel}","templated":true}]}}