{"id":503,"date":"2015-04-09T12:56:14","date_gmt":"2015-04-09T12:56:14","guid":{"rendered":"http:\/\/www.cofarco.com.ar\/?p=503"},"modified":"2015-04-09T12:56:14","modified_gmt":"2015-04-09T12:56:14","slug":"informe-de-cofa-campana-de-vacunacion-pami-2015","status":"publish","type":"post","link":"https:\/\/cofarco.com.ar\/ar\/2015\/04\/09\/informe-de-cofa-campana-de-vacunacion-pami-2015\/","title":{"rendered":"Informe de COFA: Campa\u00f1a de Vacunaci\u00f3n &#8211; PAMI 2015"},"content":{"rendered":"<p>La Confederaci\u00f3n Farmac\u00e9utica Argentina informa que, habiendo trabajado durante el mes de febrero con el PAMI en el intercambio de datos para la confecci\u00f3n de padrones, el Instituto cerr\u00f3 la recepci\u00f3n de padrones (como se inform\u00f3 el 26\/2), y se contin\u00faa insistiendo reiteradamente en la concreci\u00f3n de un encuentro con las entidades para comenzar a dise\u00f1ar los pasos organizativos de la Campa\u00f1a, sin que durante el mes de marzo se obtuviera respuesta alguna al pedido.<\/p>\n<p>Ante este silencio, recientemente COFA remiti\u00f3 al Gerente Administrativo del PAMI una nota de reclamo planteando la urgente necesidad de realizar ese encuentro conjunto en virtud de que los tiempos se acortan para asegurar el mejor desarrollo de la campa\u00f1a. La respuesta fue inmediata. All\u00ed aseguran que la Confederaci\u00f3n ser\u00e1 convocada a una reuni\u00f3n por el tema Vacunas en los pr\u00f3ximos d\u00edas.<\/p>\n<p>\u201cEn tanto esperamos la concreci\u00f3n de esta reuni\u00f3n para poder luego expresarle a los colegios detalles tales como padrones, asignaci\u00f3n de dosis y formato de distribuci\u00f3n, informaci\u00f3n con la cual hasta el momento no contamos; de manera extraoficial hemos tomado conocimiento de que <b>la campa\u00f1a de vacunaci\u00f3n PAMI iniciar\u00eda la primer semana de mayo<\/b>\u201d, inform\u00f3 Claudio Alvarez Ter\u00e1n, el coordinador general de Comunicaciones de COFA.<\/p>\n<p>Por otra parte, a\u00f1ade, \u00a0el Instituto a\u00fan no ha emitido \u00a0el acto administrativo de Adjudicaci\u00f3n de la licitaci\u00f3n de la campa\u00f1a de vacunaci\u00f3n antigripal, aunque usualmente este tr\u00e1mite suele definirse en fecha cercana al inicio. \u201cPor eso, lo que m\u00e1s nos interesa, -y se lo hemos hecho saber en reiteradas ocasiones a los gerentes del PAMI-, es poder comenzar a dise\u00f1ar los pasos de organizaci\u00f3n imprescindibles para llegar a la fecha de inicio de la mejor manera posible, de all\u00ed la importancia de poder realizar esta reuni\u00f3n que el m\u00e1ximo responsable de la Campa\u00f1a en PAMI nos ha prometido concretar\u201d.<\/p>\n<p><b>\u00a0<\/b><\/p>\n","protected":false},"excerpt":{"rendered":"<p>La Confederaci\u00f3n Farmac\u00e9utica Argentina informa que, habiendo trabajado durante el mes de febrero con el PAMI en el intercambio de datos para la confecci\u00f3n de padrones, el Instituto cerr\u00f3 la recepci\u00f3n de padrones (como se inform\u00f3 el 26\/2), y se contin\u00faa insistiendo reiteradamente en la concreci\u00f3n de un encuentro con las entidades para comenzar a [&#8230;]\n","protected":false},"author":1,"featured_media":0,"comment_status":"open","ping_status":"open","sticky":false,"template":"","format":"standard","meta":{"footnotes":""},"categories":[72],"tags":[],"class_list":["post-503","post","type-post","status-publish","format-standard","hentry","category-sin-categoria"],"_links":{"self":[{"href":"https:\/\/cofarco.com.ar\/ar\/wp-json\/wp\/v2\/posts\/503","targetHints":{"allow":["GET"]}}],"collection":[{"href":"https:\/\/cofarco.com.ar\/ar\/wp-json\/wp\/v2\/posts"}],"about":[{"href":"https:\/\/cofarco.com.ar\/ar\/wp-json\/wp\/v2\/types\/post"}],"author":[{"embeddable":true,"href":"https:\/\/cofarco.com.ar\/ar\/wp-json\/wp\/v2\/users\/1"}],"replies":[{"embeddable":true,"href":"https:\/\/cofarco.com.ar\/ar\/wp-json\/wp\/v2\/comments?post=503"}],"version-history":[{"count":0,"href":"https:\/\/cofarco.com.ar\/ar\/wp-json\/wp\/v2\/posts\/503\/revisions"}],"wp:attachment":[{"href":"https:\/\/cofarco.com.ar\/ar\/wp-json\/wp\/v2\/media?parent=503"}],"wp:term":[{"taxonomy":"category","embeddable":true,"href":"https:\/\/cofarco.com.ar\/ar\/wp-json\/wp\/v2\/categories?post=503"},{"taxonomy":"post_tag","embeddable":true,"href":"https:\/\/cofarco.com.ar\/ar\/wp-json\/wp\/v2\/tags?post=503"}],"curies":[{"name":"wp","href":"https:\/\/api.w.org\/{rel}","templated":true}]}}