{"id":5085,"date":"2020-08-26T12:59:41","date_gmt":"2020-08-26T15:59:41","guid":{"rendered":"http:\/\/cofarco.com.ar\/ar\/?p=5085"},"modified":"2020-08-26T12:59:41","modified_gmt":"2020-08-26T15:59:41","slug":"pami-panales-comunicado-de-cofa","status":"publish","type":"post","link":"https:\/\/cofarco.com.ar\/ar\/2020\/08\/26\/pami-panales-comunicado-de-cofa\/","title":{"rendered":"PAMI PA\u00d1ALES &#8211; Comunicado de COFA"},"content":{"rendered":"<p>Se\u00f1ores Farmacias\/ Prestadores de PAMI PA\u00d1ALES<\/p>\n<p>Nos dirigimos a Uds. a fin de hacerles llegar un Comunicado emitido por nuestra Confederaci\u00f3n Farmaceeutica Argentina en relaci\u00f3n a la<br \/>\ndecisi\u00f3n del PAMI de modificar su pol\u00edtica prestacional para la provisi\u00f3n de pa\u00f1ales a sus afiliados, no renovando su v\u00ednculo con las<br \/>\nentidades farmac\u00e9uticas.<br \/>\nSeguimos trabajando para que el Instituto revise su posici\u00f3n de lo cual los mantendremos informados de esta gesti\u00f3n.<br \/>\nSaludos<\/p>\n\n<div class=\"gde-error\">GDE Error: La URL solicitada no es v\u00e1lida<\/div>\n\n","protected":false},"excerpt":{"rendered":"<p>Se\u00f1ores Farmacias\/ Prestadores de PAMI PA\u00d1ALES Nos dirigimos a Uds. a fin de hacerles llegar un Comunicado emitido por nuestra Confederaci\u00f3n Farmaceeutica Argentina en relaci\u00f3n a la decisi\u00f3n del PAMI de modificar su pol\u00edtica prestacional para la provisi\u00f3n de pa\u00f1ales a sus afiliados, no renovando su v\u00ednculo con las entidades farmac\u00e9uticas. Seguimos trabajando para que [&#8230;]\n","protected":false},"author":2,"featured_media":0,"comment_status":"open","ping_status":"open","sticky":false,"template":"","format":"standard","meta":{"footnotes":""},"categories":[1],"tags":[],"class_list":["post-5085","post","type-post","status-publish","format-standard","hentry","category-uncategorized"],"_links":{"self":[{"href":"https:\/\/cofarco.com.ar\/ar\/wp-json\/wp\/v2\/posts\/5085","targetHints":{"allow":["GET"]}}],"collection":[{"href":"https:\/\/cofarco.com.ar\/ar\/wp-json\/wp\/v2\/posts"}],"about":[{"href":"https:\/\/cofarco.com.ar\/ar\/wp-json\/wp\/v2\/types\/post"}],"author":[{"embeddable":true,"href":"https:\/\/cofarco.com.ar\/ar\/wp-json\/wp\/v2\/users\/2"}],"replies":[{"embeddable":true,"href":"https:\/\/cofarco.com.ar\/ar\/wp-json\/wp\/v2\/comments?post=5085"}],"version-history":[{"count":1,"href":"https:\/\/cofarco.com.ar\/ar\/wp-json\/wp\/v2\/posts\/5085\/revisions"}],"predecessor-version":[{"id":5087,"href":"https:\/\/cofarco.com.ar\/ar\/wp-json\/wp\/v2\/posts\/5085\/revisions\/5087"}],"wp:attachment":[{"href":"https:\/\/cofarco.com.ar\/ar\/wp-json\/wp\/v2\/media?parent=5085"}],"wp:term":[{"taxonomy":"category","embeddable":true,"href":"https:\/\/cofarco.com.ar\/ar\/wp-json\/wp\/v2\/categories?post=5085"},{"taxonomy":"post_tag","embeddable":true,"href":"https:\/\/cofarco.com.ar\/ar\/wp-json\/wp\/v2\/tags?post=5085"}],"curies":[{"name":"wp","href":"https:\/\/api.w.org\/{rel}","templated":true}]}}