{"id":509,"date":"2015-04-23T09:29:19","date_gmt":"2015-04-23T09:29:19","guid":{"rendered":"http:\/\/www.cofarco.com.ar\/?p=509"},"modified":"2015-04-23T09:29:19","modified_gmt":"2015-04-23T09:29:19","slug":"curso-sobre-problematicas-de-farmacologia-y-farmacoterapeutica","status":"publish","type":"post","link":"https:\/\/cofarco.com.ar\/ar\/2015\/04\/23\/curso-sobre-problematicas-de-farmacologia-y-farmacoterapeutica\/","title":{"rendered":"Curso sobre Problem\u00e1ticas de Farmacolog\u00eda y Farmacoterap\u00e9utica"},"content":{"rendered":"<p>La Confederaci\u00f3n Farmac\u00e9utica Argentina (COFA) realizar\u00e1 desde el 18 de mayo, el Curso e-learning \u201cProblem\u00e1ticas Frecuentes de Farmacolog\u00eda y Farmacoterap\u00e9utica en la Poblaci\u00f3n Geronte: Polifarmacia, Constipaci\u00f3n, Insomnio y Dolor\u201d. Lo har\u00e1 con la colaboraci\u00f3n de docentes de la C\u00e1tedra de Farmacolog\u00eda de la Facultad de Medicina de la Universidad Nacional de Buenos Aires, con cr\u00e9ditos para la Certificaci\u00f3n y Rectificaci\u00f3n profesional.<\/p>\n<p>El curso comprende 4 m\u00f3dulos sobre diferentes temas que se consideran fundamentales (se detallan m\u00e1s adelante) para un buen manejo de las Interacciones Farmacol\u00f3gicas. Cada m\u00f3dulo estar\u00e1 disponible a trav\u00e9s de la p\u00e1gina de COFA en forma secuencial con un intervalo de 3-4 semanas entre cada m\u00f3dulo hasta completar el \u00faltimo de los temas desarrollados.<\/p>\n<p>La duraci\u00f3n total del curso es de 100 horas c\u00e1tedras, comenzando el 18 de mayo del 2015.<\/p>\n<p>Los farmac\u00e9uticos podr\u00e1n inscribirse hasta el 12 de mayo y el Colegio remitir\u00e1 las fichas de inscripci\u00f3n y listado de participantes hasta el 14 de mayo. Se otorgar\u00e1 un 20 % de bonificaci\u00f3n en el arancel del curso a quienes se inscriban a trav\u00e9s de los Colegios, como reconocimiento a las tareas de difusi\u00f3n y administrativa que realizan.<\/p>\n<p>Se adjuntan las fichas de inscripci\u00f3n y de tarjeta de cr\u00e9dito.\u00a0<a href=\"http:\/\/www.cofarco.com.ar\/wp-content\/uploads\/2015\/04\/Ficha-inscripcion.doc\"><br \/>\n<\/a><\/p>\n<p><b>Objetivos generales del curso<\/b><\/p>\n<p>-Informar y capacitar a los profesionales farmac\u00e9uticos sobre bases para una terap\u00e9utica farmacol\u00f3gica racional en el adulto mayor.<\/p>\n<p>-Incentivar el h\u00e1bito de incorporar permanentemente la informaci\u00f3n farmacol\u00f3gica actualizada para el uso racional de los medicamentos en la pr\u00e1ctica cotidiana.<\/p>\n<p>-Promover la pr\u00e1ctica profesional basada en la evidencia, mediante la revisi\u00f3n de la informaci\u00f3n cient\u00edfica actualizada que avala\u00a0 el uso correcto de los diferentes grupos de f\u00e1rmacos empleados en el tratamiento de patolog\u00edas existentes en el adulto mayor, y que se describen en los diversos m\u00f3dulos.<\/p>\n<p><b>Objetivos espec\u00edficos a lograr por el alumno<\/b><\/p>\n<p>-Conocer la importancia de la polifarmacia en el adulto mayor y reconocer los f\u00e1rmacos considerados potencialmente inapropiados.<\/p>\n<p>-Reconocer los tratamientos recomendados para la constipaci\u00f3n en el adulto mayor.<\/p>\n<p>-Reconocer los tratamientos recomendados para el insomnio en el adulto mayor.<\/p>\n<p>-Reconocer los tratamientos recomendados para el dolor en el adulto mayor.<\/p>\n<p><b>Contenidos<\/b><\/p>\n<p><b>M\u00f3dulo\u00a0 1:<\/b>\u00a0\u201cProblem\u00e1tica relacionada con el uso de f\u00e1rmacos en el adulto mayor\u201c.<\/p>\n<p>Autor: Dra. Quaglia, Nora.<\/p>\n<p>Contenidos:<\/p>\n<p>1.\u00a0\u00a0\u00a0\u00a0\u00a0\u00a0\u00a0\u00a0\u00a0\u00a0\u00a0 Indicadores de la calidad de la prescripci\u00f3n: Criterios de Beers, indices IPET STOPP y MAI.<\/p>\n<p>2.\u00a0\u00a0\u00a0\u00a0\u00a0\u00a0\u00a0\u00a0\u00a0\u00a0\u00a0 La polifarmacia.<\/p>\n<p>3.\u00a0\u00a0\u00a0\u00a0\u00a0\u00a0\u00a0\u00a0\u00a0\u00a0\u00a0 Medicamentos inapropiados.<\/p>\n<p>4.\u00a0\u00a0\u00a0\u00a0\u00a0\u00a0\u00a0\u00a0\u00a0\u00a0\u00a0 Subutilizaci\u00f3n de los medicamentos apropiados.<\/p>\n<p>5.\u00a0\u00a0\u00a0\u00a0\u00a0\u00a0\u00a0\u00a0\u00a0\u00a0\u00a0 Efectos adversos en el geronte.<\/p>\n<p>6.\u00a0\u00a0\u00a0\u00a0\u00a0\u00a0\u00a0\u00a0\u00a0\u00a0\u00a0 Conceptos relevantes sobre interacciones farmacol\u00f3gicas.<\/p>\n<p>7.\u00a0\u00a0\u00a0\u00a0\u00a0\u00a0\u00a0\u00a0\u00a0\u00a0\u00a0 El enfoque adecuado para la prescripci\u00f3n en este grupo etario: estrategias para minimizar el uso de f\u00e1rmacos inadecuados.<\/p>\n<p><b>M\u00f3dulo 2<\/b>: \u201cTratamiento farmacol\u00f3gico de la constipaci\u00f3n en el adulto mayor\u201c.<\/p>\n<p>Autor:\u00a0 Dra Kilstein Yael.<\/p>\n<p>Contenidos:<\/p>\n<p>1.\u00a0\u00a0\u00a0\u00a0\u00a0\u00a0\u00a0\u00a0\u00a0\u00a0\u00a0 Definici\u00f3n de constipaci\u00f3n.<\/p>\n<p>2.\u00a0\u00a0\u00a0\u00a0\u00a0\u00a0\u00a0\u00a0\u00a0\u00a0\u00a0 Epidemiolog\u00eda y factores de riesgo<\/p>\n<p>3.\u00a0\u00a0\u00a0\u00a0\u00a0\u00a0\u00a0\u00a0\u00a0\u00a0\u00a0 Fisiopatolog\u00eda.<\/p>\n<p>4.\u00a0\u00a0\u00a0\u00a0\u00a0\u00a0\u00a0\u00a0\u00a0\u00a0\u00a0 Manifestaciones cl\u00ednicas.<\/p>\n<p>5.\u00a0\u00a0\u00a0\u00a0\u00a0\u00a0\u00a0\u00a0\u00a0\u00a0\u00a0 Evaluaci\u00f3n.<\/p>\n<p>6.\u00a0\u00a0\u00a0\u00a0\u00a0\u00a0\u00a0\u00a0\u00a0\u00a0\u00a0 Manejo:<\/p>\n<p>\u2022\u00a0\u00a0\u00a0\u00a0\u00a0\u00a0\u00a0\u00a0\u00a0\u00a0\u00a0\u00a0 Modificaci\u00f3n del estilo de vida.<\/p>\n<p>\u2022\u00a0\u00a0\u00a0\u00a0\u00a0\u00a0\u00a0\u00a0\u00a0\u00a0\u00a0\u00a0 Dieta y fibras<\/p>\n<p>\u2022\u00a0\u00a0\u00a0\u00a0\u00a0\u00a0\u00a0\u00a0\u00a0\u00a0\u00a0\u00a0 Farmacoterapia en este grupo etario: laxantes, formas de administraci\u00f3n, otras terapias farmacol\u00f3gicas.<\/p>\n<p>\u2022\u00a0\u00a0\u00a0\u00a0\u00a0\u00a0\u00a0\u00a0\u00a0\u00a0\u00a0\u00a0 Impactaci\u00f3n fecal<\/p>\n<p><b>M\u00f3dulo 3:<\/b>\u00a0\u201cTratamiento farmacol\u00f3gico del insomnio en el adulto mayor\u201c.<\/p>\n<p>Autor: Dr. Federico Daray<\/p>\n<p>Contenidos:<\/p>\n<p>1.\u00a0\u00a0\u00a0\u00a0\u00a0\u00a0\u00a0\u00a0\u00a0\u00a0\u00a0 Definici\u00f3n<\/p>\n<p>2.\u00a0\u00a0\u00a0\u00a0\u00a0\u00a0\u00a0\u00a0\u00a0\u00a0\u00a0 Tipos de insomnio<\/p>\n<p>3.\u00a0\u00a0\u00a0\u00a0\u00a0\u00a0\u00a0\u00a0\u00a0\u00a0\u00a0 Epidemiolog\u00eda<\/p>\n<p>4.\u00a0\u00a0\u00a0\u00a0\u00a0\u00a0\u00a0\u00a0\u00a0\u00a0\u00a0 Factores de riesgo<\/p>\n<p>5.\u00a0\u00a0\u00a0\u00a0\u00a0\u00a0\u00a0\u00a0\u00a0\u00a0\u00a0 Cl\u00ednica<\/p>\n<p>6.\u00a0\u00a0\u00a0\u00a0\u00a0\u00a0\u00a0\u00a0\u00a0\u00a0\u00a0 Diagn\u00f3stico diferencial<\/p>\n<p>7.\u00a0\u00a0\u00a0\u00a0\u00a0\u00a0\u00a0\u00a0\u00a0\u00a0\u00a0 Evaluaci\u00f3n diagn\u00f3stica<\/p>\n<p>8.\u00a0\u00a0\u00a0\u00a0\u00a0\u00a0\u00a0\u00a0\u00a0\u00a0\u00a0 Consecuencias sobre:<\/p>\n<p>\u2022\u00a0\u00a0\u00a0\u00a0\u00a0\u00a0\u00a0\u00a0\u00a0\u00a0\u00a0\u00a0 Calidad de vida<\/p>\n<p>\u2022\u00a0\u00a0\u00a0\u00a0\u00a0\u00a0\u00a0\u00a0\u00a0\u00a0\u00a0\u00a0 Rendimiento<\/p>\n<p>\u2022\u00a0\u00a0\u00a0\u00a0\u00a0\u00a0\u00a0\u00a0\u00a0\u00a0\u00a0\u00a0 Fisiolog\u00eda<\/p>\n<p>\u2022\u00a0\u00a0\u00a0\u00a0\u00a0\u00a0\u00a0\u00a0\u00a0\u00a0\u00a0\u00a0 Comorbilidades<\/p>\n<p>9.\u00a0\u00a0\u00a0\u00a0\u00a0\u00a0\u00a0\u00a0\u00a0\u00a0\u00a0 Historia natural<\/p>\n<p>10.\u00a0\u00a0\u00a0\u00a0\u00a0\u00a0\u00a0\u00a0\u00a0 Manejo:<\/p>\n<p>\u2022\u00a0\u00a0\u00a0\u00a0\u00a0\u00a0\u00a0\u00a0\u00a0\u00a0\u00a0\u00a0 Enfoque general<\/p>\n<p>\u2022\u00a0\u00a0\u00a0\u00a0\u00a0\u00a0\u00a0\u00a0\u00a0\u00a0\u00a0\u00a0 Higiene del sue\u00f1o<\/p>\n<p>\u2022\u00a0\u00a0\u00a0\u00a0\u00a0\u00a0\u00a0\u00a0\u00a0\u00a0\u00a0\u00a0 Control de est\u00edmulos<\/p>\n<p>\u2022\u00a0\u00a0\u00a0\u00a0\u00a0\u00a0\u00a0\u00a0\u00a0\u00a0\u00a0\u00a0 Relajaci\u00f3n<\/p>\n<p>\u2022\u00a0\u00a0\u00a0\u00a0\u00a0\u00a0\u00a0\u00a0\u00a0\u00a0\u00a0\u00a0 Terapia de restricci\u00f3n del sue\u00f1o<\/p>\n<p>\u2022\u00a0\u00a0\u00a0\u00a0\u00a0\u00a0\u00a0\u00a0\u00a0\u00a0\u00a0\u00a0 Terapia cognitiva<\/p>\n<p>\u2022\u00a0\u00a0\u00a0\u00a0\u00a0\u00a0\u00a0\u00a0\u00a0\u00a0\u00a0\u00a0 Terapia cognitivo conductual<\/p>\n<p>11.\u00a0\u00a0\u00a0\u00a0\u00a0\u00a0\u00a0\u00a0\u00a0 Farmacoterapia:<\/p>\n<p>\u2022\u00a0\u00a0\u00a0\u00a0\u00a0\u00a0\u00a0\u00a0\u00a0\u00a0\u00a0\u00a0 Benzodiacepinas, hipn\u00f3ticos no benzodiacep\u00ednicos, Agonistas de la melatonina,\u00a0 antidepresivos, antihistam\u00ednicos sedativos, antipsic\u00f3ticos, barbit\u00faricos.<\/p>\n<p>\u2022\u00a0\u00a0\u00a0\u00a0\u00a0\u00a0\u00a0\u00a0\u00a0\u00a0\u00a0\u00a0 Efectos adversos: Comunes a todos los hipn\u00f3ticos y propios de cada grupo.<\/p>\n<p>\u2022\u00a0\u00a0\u00a0\u00a0\u00a0\u00a0\u00a0\u00a0\u00a0\u00a0\u00a0\u00a0 Elecci\u00f3n de un f\u00e1rmaco en particular<\/p>\n<p>\u2022\u00a0\u00a0\u00a0\u00a0\u00a0\u00a0\u00a0\u00a0\u00a0\u00a0\u00a0\u00a0 Terapia combinada<\/p>\n<p>\u2022\u00a0\u00a0\u00a0\u00a0\u00a0\u00a0\u00a0\u00a0\u00a0\u00a0\u00a0\u00a0 Seguimiento<\/p>\n<p><b>M\u00f3dulo 4:<\/b>\u00a0\u201cManejo del dolor cr\u00f3nico en el paciente adulto mayor\u201c.<\/p>\n<p>Autor: Dr. Mariano Nu\u00f1ez<\/p>\n<p>Contenidos:<\/p>\n<p>1.\u00a0\u00a0\u00a0\u00a0\u00a0\u00a0\u00a0\u00a0\u00a0\u00a0\u00a0 Introducci\u00f3n<\/p>\n<p>2.\u00a0\u00a0\u00a0\u00a0\u00a0\u00a0\u00a0\u00a0\u00a0\u00a0\u00a0 Evaluaci\u00f3n de los s\u00edntomas<\/p>\n<p>3.\u00a0\u00a0\u00a0\u00a0\u00a0\u00a0\u00a0\u00a0\u00a0\u00a0\u00a0 Manejo de los s\u00edntomas<\/p>\n<p>4.\u00a0\u00a0\u00a0\u00a0\u00a0\u00a0\u00a0\u00a0\u00a0\u00a0\u00a0 Dolor cr\u00f3nico som\u00e1tico: estrategias terap\u00e9uticas farmacol\u00f3gicas, antiinflamatorios no ester\u00f3ides, opioides, efectos adversos, manejo en este grupo etario.<\/p>\n<p>5.\u00a0\u00a0\u00a0\u00a0\u00a0\u00a0\u00a0\u00a0\u00a0\u00a0\u00a0 Dolor neurop\u00e1tico: estrategias terap\u00e9uticas farmacol\u00f3gicas, antiepil\u00e9pticos, antidepresivos, otras f\u00e1rmacos, efectos adversos, manejo en este grupo etario.<\/p>\n<p>6.\u00a0\u00a0\u00a0\u00a0\u00a0\u00a0\u00a0\u00a0\u00a0\u00a0\u00a0 Depresi\u00f3n asociada al dolor.<\/p>\n<p>7.\u00a0\u00a0\u00a0\u00a0\u00a0\u00a0\u00a0\u00a0\u00a0\u00a0\u00a0 Otros s\u00edntomas asociados con el dolor cr\u00f3nico o su tratamiento.<\/p>\n<p>8.\u00a0\u00a0\u00a0\u00a0\u00a0\u00a0\u00a0\u00a0\u00a0\u00a0\u00a0 Protecci\u00f3n g\u00e1strica: indicaciones, selecci\u00f3n de los pacientes y f\u00e1rmacos a utilizar.<\/p>\n","protected":false},"excerpt":{"rendered":"<p>La Confederaci\u00f3n Farmac\u00e9utica Argentina (COFA) realizar\u00e1 desde el 18 de mayo, el Curso e-learning \u201cProblem\u00e1ticas Frecuentes de Farmacolog\u00eda y Farmacoterap\u00e9utica en la Poblaci\u00f3n Geronte: Polifarmacia, Constipaci\u00f3n, Insomnio y Dolor\u201d. Lo har\u00e1 con la colaboraci\u00f3n de docentes de la C\u00e1tedra de Farmacolog\u00eda de la Facultad de Medicina de la Universidad Nacional de Buenos Aires, con cr\u00e9ditos [&#8230;]\n","protected":false},"author":1,"featured_media":0,"comment_status":"open","ping_status":"open","sticky":false,"template":"","format":"standard","meta":{"footnotes":""},"categories":[72],"tags":[],"class_list":["post-509","post","type-post","status-publish","format-standard","hentry","category-sin-categoria"],"_links":{"self":[{"href":"https:\/\/cofarco.com.ar\/ar\/wp-json\/wp\/v2\/posts\/509","targetHints":{"allow":["GET"]}}],"collection":[{"href":"https:\/\/cofarco.com.ar\/ar\/wp-json\/wp\/v2\/posts"}],"about":[{"href":"https:\/\/cofarco.com.ar\/ar\/wp-json\/wp\/v2\/types\/post"}],"author":[{"embeddable":true,"href":"https:\/\/cofarco.com.ar\/ar\/wp-json\/wp\/v2\/users\/1"}],"replies":[{"embeddable":true,"href":"https:\/\/cofarco.com.ar\/ar\/wp-json\/wp\/v2\/comments?post=509"}],"version-history":[{"count":0,"href":"https:\/\/cofarco.com.ar\/ar\/wp-json\/wp\/v2\/posts\/509\/revisions"}],"wp:attachment":[{"href":"https:\/\/cofarco.com.ar\/ar\/wp-json\/wp\/v2\/media?parent=509"}],"wp:term":[{"taxonomy":"category","embeddable":true,"href":"https:\/\/cofarco.com.ar\/ar\/wp-json\/wp\/v2\/categories?post=509"},{"taxonomy":"post_tag","embeddable":true,"href":"https:\/\/cofarco.com.ar\/ar\/wp-json\/wp\/v2\/tags?post=509"}],"curies":[{"name":"wp","href":"https:\/\/api.w.org\/{rel}","templated":true}]}}