{"id":5108,"date":"2020-09-02T08:44:15","date_gmt":"2020-09-02T11:44:15","guid":{"rendered":"http:\/\/cofarco.com.ar\/ar\/?p=5108"},"modified":"2020-09-02T08:44:15","modified_gmt":"2020-09-02T11:44:15","slug":"inicio-curso-cofa-inmunizaciones-para-farmaceuticos-a-distancia","status":"publish","type":"post","link":"https:\/\/cofarco.com.ar\/ar\/2020\/09\/02\/inicio-curso-cofa-inmunizaciones-para-farmaceuticos-a-distancia\/","title":{"rendered":"INICIO CURSO COFA &#8211; &#8220;Inmunizaciones para Farmac\u00e9uticos&#8221; (a distancia)"},"content":{"rendered":"<p>Comunicamos el inicio del curso a distancia &#8220;Inmunizaciones para Farmac\u00e9uticos\u201d, a partir del 25 de septiembre de 2.020 y en los sucesivos viernes por medio; en vivo en el horario de 13 a 16 horas y\/o la opci\u00f3n de encontrar los v\u00eddeos de cada una de las clases a trav\u00e9s de la plataforma de CoFA, para realizar las clases en otro horario que elija el participante.<br \/>\nPor adjunto enviamos archivos con la informaci\u00f3n de: Objetivos- Metodolog\u00eda- Programa y Equipo Docente. La Direcci\u00f3n y Coordinaci\u00f3n<br \/>\nestar\u00e1 a cargo de la Dra, \u00c1ngela Gentile.<br \/>\nEl curso otorga cr\u00e9ditos para la certificaci\u00f3n y recertificaci\u00f3n profesional de CoFA.<br \/>\nEl valor total es de $ 4.000. En breve se informar\u00e1 la forma y opciones\/medios de pagos disponibles.<\/p>\n<p>Hasta el 18 de septiembre de 2.020 (SIN EXCEPCI\u00d3N) se podr\u00e1n inscribir los farmac\u00e9uticos socios\/as del Colegio al mail: colfarmaceuticosctes@cofarco.com.ar, consignado en el mismo los siguientes datos: DNI, Apellido y nombres, Correo electr\u00f3nico, Matr\u00edcula y Tel\u00e9fono celular propio de contacto.<\/p>\n<p>Toda la informaci\u00f3n est\u00e1 disponible tambi\u00e9n en www.cofa.org.ar<\/p>\n<p>Sin otro particular, saludamos a ustedes atentamente.<br \/>\nCOFA &#8211; COFARCO.-<\/p>\n<p>&nbsp;<\/p>\n\n<div class=\"gde-error\">GDE Error: La URL solicitada no es v\u00e1lida<\/div>\n\n<p>&nbsp;<\/p>\n","protected":false},"excerpt":{"rendered":"<p>Comunicamos el inicio del curso a distancia &#8220;Inmunizaciones para Farmac\u00e9uticos\u201d, a partir del 25 de septiembre de 2.020 y en los sucesivos viernes por medio; en vivo en el horario de 13 a 16 horas y\/o la opci\u00f3n de encontrar los v\u00eddeos de cada una de las clases a trav\u00e9s de la plataforma de CoFA, [&#8230;]\n","protected":false},"author":2,"featured_media":0,"comment_status":"open","ping_status":"open","sticky":false,"template":"","format":"standard","meta":{"footnotes":""},"categories":[68],"tags":[],"class_list":["post-5108","post","type-post","status-publish","format-standard","hentry","category-cursos"],"_links":{"self":[{"href":"https:\/\/cofarco.com.ar\/ar\/wp-json\/wp\/v2\/posts\/5108","targetHints":{"allow":["GET"]}}],"collection":[{"href":"https:\/\/cofarco.com.ar\/ar\/wp-json\/wp\/v2\/posts"}],"about":[{"href":"https:\/\/cofarco.com.ar\/ar\/wp-json\/wp\/v2\/types\/post"}],"author":[{"embeddable":true,"href":"https:\/\/cofarco.com.ar\/ar\/wp-json\/wp\/v2\/users\/2"}],"replies":[{"embeddable":true,"href":"https:\/\/cofarco.com.ar\/ar\/wp-json\/wp\/v2\/comments?post=5108"}],"version-history":[{"count":1,"href":"https:\/\/cofarco.com.ar\/ar\/wp-json\/wp\/v2\/posts\/5108\/revisions"}],"predecessor-version":[{"id":5110,"href":"https:\/\/cofarco.com.ar\/ar\/wp-json\/wp\/v2\/posts\/5108\/revisions\/5110"}],"wp:attachment":[{"href":"https:\/\/cofarco.com.ar\/ar\/wp-json\/wp\/v2\/media?parent=5108"}],"wp:term":[{"taxonomy":"category","embeddable":true,"href":"https:\/\/cofarco.com.ar\/ar\/wp-json\/wp\/v2\/categories?post=5108"},{"taxonomy":"post_tag","embeddable":true,"href":"https:\/\/cofarco.com.ar\/ar\/wp-json\/wp\/v2\/tags?post=5108"}],"curies":[{"name":"wp","href":"https:\/\/api.w.org\/{rel}","templated":true}]}}