{"id":5115,"date":"2020-09-02T11:30:52","date_gmt":"2020-09-02T14:30:52","guid":{"rendered":"http:\/\/cofarco.com.ar\/ar\/?p=5115"},"modified":"2020-09-02T11:30:52","modified_gmt":"2020-09-02T14:30:52","slug":"curso-aspectos-farmaceuticos-de-los-medicamentos-biologicos","status":"publish","type":"post","link":"https:\/\/cofarco.com.ar\/ar\/2020\/09\/02\/curso-aspectos-farmaceuticos-de-los-medicamentos-biologicos\/","title":{"rendered":"Curso &#8220;Aspectos Farmac\u00e9uticos de los Medicamentos Biol\u00f3gicos&#8221;"},"content":{"rendered":"<p class=\"xmsonormal\" style=\"background: white;\"><span style=\"font-size: 10.5pt; font-family: 'Arial','sans-serif'; color: #201f1e; background: white;\">El 14 de septiembre comenzar\u00e1 a dictarse el \u00a0Curso &#8220;Aspectos Farmac\u00e9uticos de los Medicamentos Biol\u00f3gicos&#8221;, edici\u00f3n 2020, <\/span><span style=\"font-size: 11.5pt; font-family: 'Segoe UI','sans-serif'; color: #201f1e;\">destinado a profesionales farmac\u00e9uticos.<\/span><\/p>\n<p class=\"xmsonormal\" style=\"background: white;\"><span style=\"font-size: 11.5pt; font-family: 'Segoe UI','sans-serif'; color: #201f1e;\">Este a\u00f1o el curso se dictar\u00e1 de manera virtual por medio de la plataforma Continuar UNS de la Universidad Nacional del Sur, Bah\u00eda Blanca. La propuesta abarca el concepto de Medicamento Biol\u00f3gico, conceptos claves para entender el proceso de producci\u00f3n, las reacciones adversas comunes, la estabilidad, los m\u00e9todos anal\u00edticos en control de calidad, aspectos cl\u00ednicos y la normativa correspondiente en nuestro pa\u00eds e internacional. <\/span><\/p>\n<p class=\"xmsonormal\" style=\"background: white;\"><span style=\"font-size: 11.5pt; font-family: 'Segoe UI','sans-serif'; color: #201f1e;\">Esta propuesta de capacitaci\u00f3n se actualiza todos los a\u00f1os. La edici\u00f3n 2020 incluye conceptos b\u00e1sicos sobre vacunas COVID, plasmaf\u00e9rsis, RT-PCR.<\/span><\/p>\n<p class=\"xmsonormal\" style=\"background: white;\"><span style=\"font-size: 11.5pt; font-family: 'Segoe UI','sans-serif'; color: #201f1e;\">El curso se dict\u00f3 por primera vez de manera presencial en 2.015, para luego dictarse de manera virtual anualmente. En base a este curso se han organizado diversas actividades como talleres y jornadas breves en el Colegio de Farmac\u00e9uticos de Bah\u00eda Blanca, con charlas con m\u00e9dicos onc\u00f3logos, as\u00ed como una videoconferencia con Esteban Corley, pionero en el pa\u00eds en la producci\u00f3n de biol\u00f3gicos, y un taller por medio de la plataforma virtual de FEFARA que se realiz\u00f3 el a\u00f1o pasado.<\/span><\/p>\n<p class=\"xmsonormal\" style=\"background: white;\"><span style=\"font-size: 11.5pt; font-family: 'Segoe UI','sans-serif'; color: #201f1e;\">Para mayor informaci\u00f3n ver adjuntos.<\/span><\/p>\n\n<div class=\"gde-error\">GDE Error: Error al recuperar el fichero. Si es necesario, desactiva la comprobaci\u00f3n de errores (404:Not Found)<\/div>\n \n<div class=\"gde-error\">GDE Error: La URL solicitada no es v\u00e1lida<\/div>\n\n","protected":false},"excerpt":{"rendered":"<p>El 14 de septiembre comenzar\u00e1 a dictarse el \u00a0Curso &#8220;Aspectos Farmac\u00e9uticos de los Medicamentos Biol\u00f3gicos&#8221;, edici\u00f3n 2020, destinado a profesionales farmac\u00e9uticos. Este a\u00f1o el curso se dictar\u00e1 de manera virtual por medio de la plataforma Continuar UNS de la Universidad Nacional del Sur, Bah\u00eda Blanca. La propuesta abarca el concepto de Medicamento Biol\u00f3gico, conceptos claves [&#8230;]\n","protected":false},"author":2,"featured_media":0,"comment_status":"open","ping_status":"open","sticky":false,"template":"","format":"standard","meta":{"footnotes":""},"categories":[68],"tags":[],"class_list":["post-5115","post","type-post","status-publish","format-standard","hentry","category-cursos"],"_links":{"self":[{"href":"https:\/\/cofarco.com.ar\/ar\/wp-json\/wp\/v2\/posts\/5115","targetHints":{"allow":["GET"]}}],"collection":[{"href":"https:\/\/cofarco.com.ar\/ar\/wp-json\/wp\/v2\/posts"}],"about":[{"href":"https:\/\/cofarco.com.ar\/ar\/wp-json\/wp\/v2\/types\/post"}],"author":[{"embeddable":true,"href":"https:\/\/cofarco.com.ar\/ar\/wp-json\/wp\/v2\/users\/2"}],"replies":[{"embeddable":true,"href":"https:\/\/cofarco.com.ar\/ar\/wp-json\/wp\/v2\/comments?post=5115"}],"version-history":[{"count":1,"href":"https:\/\/cofarco.com.ar\/ar\/wp-json\/wp\/v2\/posts\/5115\/revisions"}],"predecessor-version":[{"id":5118,"href":"https:\/\/cofarco.com.ar\/ar\/wp-json\/wp\/v2\/posts\/5115\/revisions\/5118"}],"wp:attachment":[{"href":"https:\/\/cofarco.com.ar\/ar\/wp-json\/wp\/v2\/media?parent=5115"}],"wp:term":[{"taxonomy":"category","embeddable":true,"href":"https:\/\/cofarco.com.ar\/ar\/wp-json\/wp\/v2\/categories?post=5115"},{"taxonomy":"post_tag","embeddable":true,"href":"https:\/\/cofarco.com.ar\/ar\/wp-json\/wp\/v2\/tags?post=5115"}],"curies":[{"name":"wp","href":"https:\/\/api.w.org\/{rel}","templated":true}]}}