{"id":521,"date":"2015-04-30T19:43:50","date_gmt":"2015-04-30T19:43:50","guid":{"rendered":"http:\/\/www.cofarco.com.ar\/?p=521"},"modified":"2015-04-30T19:43:50","modified_gmt":"2015-04-30T19:43:50","slug":"curso-sobre-uso-de-psicofarmacos-en-poblaciones-especiales-iii-ancianos","status":"publish","type":"post","link":"https:\/\/cofarco.com.ar\/ar\/2015\/04\/30\/curso-sobre-uso-de-psicofarmacos-en-poblaciones-especiales-iii-ancianos\/","title":{"rendered":"Finaliz\u00f3 el curso \u201cUso de Psicof\u00e1rmacos en Poblaciones Especiales\u201d"},"content":{"rendered":"<p>En la sede del Colegio de Farmac\u00e9uticos de Corrientes se realiz\u00f3 el s\u00e1bado 16 de mayo la segunda y \u00faltima jornada del curso sobre\u00a0 \u201cUso de Psicof\u00e1rmacos en Poblaciones Especiales III: Ancianos\u201d, que dict\u00f3 el docente y doctor Gerardo Fridman.<\/p>\n<p>La capacitaci\u00f3n fue de tipo presencial, destinada a los profesionales farmac\u00e9uticos. Se realiz\u00f3 a la lo largo de dos s\u00e1bados (9 y 16 de mayo), otorgando Cr\u00e9ditos para la Certificaci\u00f3n Profesional.<\/p>\n<p>\u00a1Gracias a todos los que participaron!<a href=\"http:\/\/www.cofarco.com.ar\/wp-content\/uploads\/2015\/04\/IMG_34501.jpg\"><img fetchpriority=\"high\" decoding=\"async\" class=\"alignright size-medium wp-image-534\" alt=\"IMG_3450\" src=\"http:\/\/www.cofarco.com.ar\/wp-content\/uploads\/2015\/04\/IMG_34501-300x175.jpg\" width=\"300\" height=\"175\" \/><\/a> <a href=\"http:\/\/www.cofarco.com.ar\/wp-content\/uploads\/2015\/04\/IMG_3452.jpg\"><img decoding=\"async\" class=\"alignright size-medium wp-image-535\" alt=\"IMG_3452\" src=\"http:\/\/www.cofarco.com.ar\/wp-content\/uploads\/2015\/04\/IMG_3452-265x300.jpg\" width=\"265\" height=\"300\" \/><\/a><\/p>\n","protected":false},"excerpt":{"rendered":"<p>En la sede del Colegio de Farmac\u00e9uticos de Corrientes se realiz\u00f3 el s\u00e1bado 16 de mayo la segunda y \u00faltima jornada del curso sobre\u00a0 \u201cUso de Psicof\u00e1rmacos en Poblaciones Especiales III: Ancianos\u201d, que dict\u00f3 el docente y doctor Gerardo Fridman. La capacitaci\u00f3n fue de tipo presencial, destinada a los profesionales farmac\u00e9uticos. Se realiz\u00f3 a la [&#8230;]\n","protected":false},"author":1,"featured_media":533,"comment_status":"open","ping_status":"open","sticky":false,"template":"","format":"standard","meta":{"footnotes":""},"categories":[72],"tags":[],"class_list":["post-521","post","type-post","status-publish","format-standard","has-post-thumbnail","hentry","category-sin-categoria"],"_links":{"self":[{"href":"https:\/\/cofarco.com.ar\/ar\/wp-json\/wp\/v2\/posts\/521","targetHints":{"allow":["GET"]}}],"collection":[{"href":"https:\/\/cofarco.com.ar\/ar\/wp-json\/wp\/v2\/posts"}],"about":[{"href":"https:\/\/cofarco.com.ar\/ar\/wp-json\/wp\/v2\/types\/post"}],"author":[{"embeddable":true,"href":"https:\/\/cofarco.com.ar\/ar\/wp-json\/wp\/v2\/users\/1"}],"replies":[{"embeddable":true,"href":"https:\/\/cofarco.com.ar\/ar\/wp-json\/wp\/v2\/comments?post=521"}],"version-history":[{"count":0,"href":"https:\/\/cofarco.com.ar\/ar\/wp-json\/wp\/v2\/posts\/521\/revisions"}],"wp:attachment":[{"href":"https:\/\/cofarco.com.ar\/ar\/wp-json\/wp\/v2\/media?parent=521"}],"wp:term":[{"taxonomy":"category","embeddable":true,"href":"https:\/\/cofarco.com.ar\/ar\/wp-json\/wp\/v2\/categories?post=521"},{"taxonomy":"post_tag","embeddable":true,"href":"https:\/\/cofarco.com.ar\/ar\/wp-json\/wp\/v2\/tags?post=521"}],"curies":[{"name":"wp","href":"https:\/\/api.w.org\/{rel}","templated":true}]}}