{"id":5216,"date":"2020-09-28T16:53:10","date_gmt":"2020-09-28T19:53:10","guid":{"rendered":"http:\/\/cofarco.com.ar\/ar\/?p=5216"},"modified":"2020-09-28T16:53:10","modified_gmt":"2020-09-28T19:53:10","slug":"promociones-bago-emision-de-primera-nc","status":"publish","type":"post","link":"https:\/\/cofarco.com.ar\/ar\/2020\/09\/28\/promociones-bago-emision-de-primera-nc\/","title":{"rendered":"Promociones BAGO &#8211; Emisi\u00f3n de primera NC"},"content":{"rendered":"<p>Comunicamos a Uds. que a partir del d\u00eda de hoy estar\u00e1n disponibles en las droguer\u00edas las notas de cr\u00e9dito correspondientes a la primera semana de operaciones de las validaciones del programa de PROMOCIONES del Laboratorio BAG\u00d3.<br \/>\nEsta primera nota de cr\u00e9dito realiza un corte al 21 de septiembre. La pr\u00f3xima se emitir\u00e1 esta misma semana con el corte al lunes 28 de septiembre.<br \/>\nPara acceder a la informaci\u00f3n la farmacia debe ir al men\u00fa CIERRES de SIAFAR y all\u00ed la farmacia encontrar\u00e1 la referencia a la semana 38 del a\u00f1o 2020 y podr\u00e1 abrir un PDF informativo con el resumen y detalle de sus operaciones.<br \/>\nLas droguer\u00edas ya han sido informadas de estas notas de cr\u00e9dito y, siendo el primer proceso de emisi\u00f3n, de observarse alguna demora solicitamos nos lo hagan conocer para ir ajustando la situaci\u00f3n general.<\/p>\n<p>Sin otro particular, saludamos a ustedes atentamente.-<br \/>\nCOFA.-<\/p>\n<p><img fetchpriority=\"high\" decoding=\"async\" class=\"alignnone size-full wp-image-5217\" src=\"https:\/\/cofarco.com.ar\/ar\/wp-content\/uploads\/2020\/09\/Bago-1.jpg\" alt=\"\" width=\"455\" height=\"250\" \/> <img decoding=\"async\" class=\"alignnone size-medium wp-image-5218\" src=\"https:\/\/cofarco.com.ar\/ar\/wp-content\/uploads\/2020\/09\/Bag\u00f3-2.jpg\" alt=\"\" width=\"502\" height=\"212\" \/><\/p>\n","protected":false},"excerpt":{"rendered":"<p>Comunicamos a Uds. que a partir del d\u00eda de hoy estar\u00e1n disponibles en las droguer\u00edas las notas de cr\u00e9dito correspondientes a la primera semana de operaciones de las validaciones del programa de PROMOCIONES del Laboratorio BAG\u00d3. Esta primera nota de cr\u00e9dito realiza un corte al 21 de septiembre. La pr\u00f3xima se emitir\u00e1 esta misma semana [&#8230;]\n","protected":false},"author":2,"featured_media":0,"comment_status":"open","ping_status":"open","sticky":false,"template":"","format":"standard","meta":{"footnotes":""},"categories":[1],"tags":[],"class_list":["post-5216","post","type-post","status-publish","format-standard","hentry","category-uncategorized"],"_links":{"self":[{"href":"https:\/\/cofarco.com.ar\/ar\/wp-json\/wp\/v2\/posts\/5216","targetHints":{"allow":["GET"]}}],"collection":[{"href":"https:\/\/cofarco.com.ar\/ar\/wp-json\/wp\/v2\/posts"}],"about":[{"href":"https:\/\/cofarco.com.ar\/ar\/wp-json\/wp\/v2\/types\/post"}],"author":[{"embeddable":true,"href":"https:\/\/cofarco.com.ar\/ar\/wp-json\/wp\/v2\/users\/2"}],"replies":[{"embeddable":true,"href":"https:\/\/cofarco.com.ar\/ar\/wp-json\/wp\/v2\/comments?post=5216"}],"version-history":[{"count":1,"href":"https:\/\/cofarco.com.ar\/ar\/wp-json\/wp\/v2\/posts\/5216\/revisions"}],"predecessor-version":[{"id":5219,"href":"https:\/\/cofarco.com.ar\/ar\/wp-json\/wp\/v2\/posts\/5216\/revisions\/5219"}],"wp:attachment":[{"href":"https:\/\/cofarco.com.ar\/ar\/wp-json\/wp\/v2\/media?parent=5216"}],"wp:term":[{"taxonomy":"category","embeddable":true,"href":"https:\/\/cofarco.com.ar\/ar\/wp-json\/wp\/v2\/categories?post=5216"},{"taxonomy":"post_tag","embeddable":true,"href":"https:\/\/cofarco.com.ar\/ar\/wp-json\/wp\/v2\/tags?post=5216"}],"curies":[{"name":"wp","href":"https:\/\/api.w.org\/{rel}","templated":true}]}}