{"id":5282,"date":"2020-10-15T12:22:54","date_gmt":"2020-10-15T15:22:54","guid":{"rendered":"http:\/\/cofarco.com.ar\/ar\/?p=5282"},"modified":"2020-10-15T12:23:41","modified_gmt":"2020-10-15T15:23:41","slug":"jornadas-dermofarmacia-fotoeducacion-la-roche-posay","status":"publish","type":"post","link":"https:\/\/cofarco.com.ar\/ar\/2020\/10\/15\/jornadas-dermofarmacia-fotoeducacion-la-roche-posay\/","title":{"rendered":"JORNADAS DERMOFARMACIA FOTOEDUCACION (La Roche &#8211; Posay)"},"content":{"rendered":"<p>Desde La Roche &#8211; Posay en conjunto con varios Colegios de Farmac\u00e9uticos del Pa\u00eds, invitan a la Skin Health Masterclass en Fotoeducaci\u00f3n. Este evento es gratuito para todo los farmac\u00e9uticos del pa\u00eds.<\/p>\n<p>Link para acceder al mismo.<\/p>\n<p><a id=\"LPlnk788423\" href=\"http:\/\/eventoproteccionsolar.com.ar\/registro\/eventofarmaceuticos\/\" target=\"_blank\" rel=\"noopener noreferrer\" data-auth=\"NotApplicable\">http:\/\/eventoproteccionsolar.com.ar\/registro\/eventofarmaceuticos\/<\/a><\/p>\n<p>Ya est\u00e1 abierto el registro.<\/p>\n<p>Saludos.<br \/>\nFarm Guillermina Le Moglie.<br \/>\nResponsable de Formaci\u00f3n Cient\u00edfica La Roche- Posay &amp; Vichy.<\/p>\n<p>&nbsp;<\/p>\n","protected":false},"excerpt":{"rendered":"<p>Desde La Roche &#8211; Posay en conjunto con varios Colegios de Farmac\u00e9uticos del Pa\u00eds, invitan a la Skin Health Masterclass en Fotoeducaci\u00f3n. Este evento es gratuito para todo los farmac\u00e9uticos del pa\u00eds. Link para acceder al mismo. http:\/\/eventoproteccionsolar.com.ar\/registro\/eventofarmaceuticos\/ Ya est\u00e1 abierto el registro. Saludos. Farm Guillermina Le Moglie. Responsable de Formaci\u00f3n Cient\u00edfica La Roche- Posay [&#8230;]\n","protected":false},"author":2,"featured_media":0,"comment_status":"open","ping_status":"open","sticky":false,"template":"","format":"standard","meta":{"footnotes":""},"categories":[68],"tags":[],"class_list":["post-5282","post","type-post","status-publish","format-standard","hentry","category-cursos"],"_links":{"self":[{"href":"https:\/\/cofarco.com.ar\/ar\/wp-json\/wp\/v2\/posts\/5282","targetHints":{"allow":["GET"]}}],"collection":[{"href":"https:\/\/cofarco.com.ar\/ar\/wp-json\/wp\/v2\/posts"}],"about":[{"href":"https:\/\/cofarco.com.ar\/ar\/wp-json\/wp\/v2\/types\/post"}],"author":[{"embeddable":true,"href":"https:\/\/cofarco.com.ar\/ar\/wp-json\/wp\/v2\/users\/2"}],"replies":[{"embeddable":true,"href":"https:\/\/cofarco.com.ar\/ar\/wp-json\/wp\/v2\/comments?post=5282"}],"version-history":[{"count":1,"href":"https:\/\/cofarco.com.ar\/ar\/wp-json\/wp\/v2\/posts\/5282\/revisions"}],"predecessor-version":[{"id":5284,"href":"https:\/\/cofarco.com.ar\/ar\/wp-json\/wp\/v2\/posts\/5282\/revisions\/5284"}],"wp:attachment":[{"href":"https:\/\/cofarco.com.ar\/ar\/wp-json\/wp\/v2\/media?parent=5282"}],"wp:term":[{"taxonomy":"category","embeddable":true,"href":"https:\/\/cofarco.com.ar\/ar\/wp-json\/wp\/v2\/categories?post=5282"},{"taxonomy":"post_tag","embeddable":true,"href":"https:\/\/cofarco.com.ar\/ar\/wp-json\/wp\/v2\/tags?post=5282"}],"curies":[{"name":"wp","href":"https:\/\/api.w.org\/{rel}","templated":true}]}}