{"id":5342,"date":"2020-10-29T21:47:51","date_gmt":"2020-10-30T00:47:51","guid":{"rendered":"http:\/\/cofarco.com.ar\/ar\/?p=5342"},"modified":"2020-10-29T21:47:51","modified_gmt":"2020-10-30T00:47:51","slug":"oferta-laboral-en-rio-gallegos","status":"publish","type":"post","link":"https:\/\/cofarco.com.ar\/ar\/2020\/10\/29\/oferta-laboral-en-rio-gallegos\/","title":{"rendered":"Oferta laboral en R\u00edo Gallegos"},"content":{"rendered":"<p>Se necesita farmac\u00e9utico\/a para cubrir el puesto de D.T. en la ciudad de R\u00edo Gallegos (Provincia de Santa Cruz).<\/p>\n<p>Los interesados deber\u00e1n enviar el C.V. a la siguiente direcci\u00f3n de mail: info@cercatufarmacia.com.ar .-<br \/>\nSin otro particular los saludamos muy atte.<\/p>\n<p>DIEGO DERDEY &#8211; GERENTE GENERAL.<br \/>\nCERCA TU FARMACIA.<\/p>\n","protected":false},"excerpt":{"rendered":"<p>Se necesita farmac\u00e9utico\/a para cubrir el puesto de D.T. en la ciudad de R\u00edo Gallegos (Provincia de Santa Cruz). Los interesados deber\u00e1n enviar el C.V. a la siguiente direcci\u00f3n de mail: info@cercatufarmacia.com.ar .- Sin otro particular los saludamos muy atte. DIEGO DERDEY &#8211; GERENTE GENERAL. CERCA TU FARMACIA.<\/p>\n","protected":false},"author":2,"featured_media":0,"comment_status":"open","ping_status":"open","sticky":false,"template":"","format":"standard","meta":{"footnotes":""},"categories":[73],"tags":[],"class_list":["post-5342","post","type-post","status-publish","format-standard","hentry","category-ofertas-laborales"],"_links":{"self":[{"href":"https:\/\/cofarco.com.ar\/ar\/wp-json\/wp\/v2\/posts\/5342","targetHints":{"allow":["GET"]}}],"collection":[{"href":"https:\/\/cofarco.com.ar\/ar\/wp-json\/wp\/v2\/posts"}],"about":[{"href":"https:\/\/cofarco.com.ar\/ar\/wp-json\/wp\/v2\/types\/post"}],"author":[{"embeddable":true,"href":"https:\/\/cofarco.com.ar\/ar\/wp-json\/wp\/v2\/users\/2"}],"replies":[{"embeddable":true,"href":"https:\/\/cofarco.com.ar\/ar\/wp-json\/wp\/v2\/comments?post=5342"}],"version-history":[{"count":1,"href":"https:\/\/cofarco.com.ar\/ar\/wp-json\/wp\/v2\/posts\/5342\/revisions"}],"predecessor-version":[{"id":5343,"href":"https:\/\/cofarco.com.ar\/ar\/wp-json\/wp\/v2\/posts\/5342\/revisions\/5343"}],"wp:attachment":[{"href":"https:\/\/cofarco.com.ar\/ar\/wp-json\/wp\/v2\/media?parent=5342"}],"wp:term":[{"taxonomy":"category","embeddable":true,"href":"https:\/\/cofarco.com.ar\/ar\/wp-json\/wp\/v2\/categories?post=5342"},{"taxonomy":"post_tag","embeddable":true,"href":"https:\/\/cofarco.com.ar\/ar\/wp-json\/wp\/v2\/tags?post=5342"}],"curies":[{"name":"wp","href":"https:\/\/api.w.org\/{rel}","templated":true}]}}