{"id":5352,"date":"2020-11-02T11:08:39","date_gmt":"2020-11-02T14:08:39","guid":{"rendered":"http:\/\/cofarco.com.ar\/ar\/?p=5352"},"modified":"2020-11-02T11:08:39","modified_gmt":"2020-11-02T14:08:39","slug":"espacios-renovados-en-el-colegio-de-farmaceuticos-de-corrientes","status":"publish","type":"post","link":"https:\/\/cofarco.com.ar\/ar\/2020\/11\/02\/espacios-renovados-en-el-colegio-de-farmaceuticos-de-corrientes\/","title":{"rendered":"Espacios renovados en el Colegio de Farmac\u00e9uticos de Corrientes"},"content":{"rendered":"<p>Las instalaciones de Colegio de Farmac\u00e9uticos de la Provincia de Corrientes lucen modernas y renovadas tras la conclusi\u00f3n de un importante proyecto de refacci\u00f3n que inici\u00f3 en diciembre del 2019 y que concluy\u00f3 este a\u00f1o. El trabajo se concentr\u00f3 en el acceso, sal\u00f3n de usos m\u00faltiples, cocina, patio y departamentos, con el objetivo de brindar mayores comodidades a los asociados.<\/p>\n<p>Las obras fueron aprobadas en la \u00faltima Asamblea General Ordinaria, realizada en noviembre del a\u00f1o pasado.<\/p>\n<p>En el hall de acceso a la entidad se coloc\u00f3 m\u00e1rmol en los escalones y piso de porcelanato que se extiende hacia todo el Sum. Adem\u00e1s, se renov\u00f3 el techo y se coloc\u00f3 luminaria empotrada. Otra de las tareas consisti\u00f3 en renovar el revestimiento de las paredes as\u00ed como la pintura.<\/p>\n<p>En el patio, el trabajo comprendi\u00f3 el cambio de piso, revoque de paredes externas y nueva pintura. Tambi\u00e9n se hizo una remodelaci\u00f3n total de la parrilla con el agregado de un quincho vidriado con equipo acondicionadores de aire. Se reemplazaron ventanas y puertas por mamparas vidriadas.<\/p>\n<p><strong>Nuevo mobiliario<\/strong><\/p>\n<p>Otro proyecto que se realiz\u00f3 en los \u00faltimos meses fue la renovaci\u00f3n del mobiliario en los tres departamentos con los que cuenta el Colegio de Farmac\u00e9uticos de Corrientes, destinados a los socios de las localidades del interior.<\/p>\n<p>Se adquirieron sommiers de una y dos plazas, as\u00ed como ropa de cama. Se incorporaron hornos y pavas el\u00e9ctricas, mesas de luz y veladores nuevos.<\/p>\n<p><img fetchpriority=\"high\" decoding=\"async\" class=\"alignnone size-medium wp-image-5353\" src=\"https:\/\/cofarco.com.ar\/ar\/wp-content\/uploads\/2020\/11\/Foto-6-300x400.jpg\" alt=\"\" width=\"300\" height=\"400\" \/> <img decoding=\"async\" class=\"alignnone size-medium wp-image-5354\" src=\"https:\/\/cofarco.com.ar\/ar\/wp-content\/uploads\/2020\/11\/Foto-7-300x400.jpg\" alt=\"\" width=\"300\" height=\"400\" \/> <img decoding=\"async\" class=\"alignnone size-medium wp-image-5355\" src=\"https:\/\/cofarco.com.ar\/ar\/wp-content\/uploads\/2020\/11\/foto-8-300x400.jpg\" alt=\"\" width=\"300\" height=\"400\" \/> <img loading=\"lazy\" decoding=\"async\" class=\"alignnone size-medium wp-image-5356\" src=\"https:\/\/cofarco.com.ar\/ar\/wp-content\/uploads\/2020\/11\/Foto-9-300x400.jpg\" alt=\"\" width=\"300\" height=\"400\" \/><img loading=\"lazy\" decoding=\"async\" class=\"alignnone size-medium wp-image-5357\" src=\"https:\/\/cofarco.com.ar\/ar\/wp-content\/uploads\/2020\/11\/Foto-1-533x400.jpg\" alt=\"\" width=\"533\" height=\"400\" \/> <img loading=\"lazy\" decoding=\"async\" class=\"alignnone size-medium wp-image-5358\" src=\"https:\/\/cofarco.com.ar\/ar\/wp-content\/uploads\/2020\/11\/Foto-3-534x400.jpg\" alt=\"\" width=\"534\" height=\"400\" \/> <img loading=\"lazy\" decoding=\"async\" class=\"alignnone size-medium wp-image-5359\" src=\"https:\/\/cofarco.com.ar\/ar\/wp-content\/uploads\/2020\/11\/Foto-4-534x400.jpg\" alt=\"\" width=\"534\" height=\"400\" \/> <img loading=\"lazy\" decoding=\"async\" class=\"alignnone size-medium wp-image-5360\" src=\"https:\/\/cofarco.com.ar\/ar\/wp-content\/uploads\/2020\/11\/Foto-5-300x400.jpg\" alt=\"\" width=\"300\" height=\"400\" \/><img loading=\"lazy\" decoding=\"async\" class=\"alignnone size-medium wp-image-5361\" src=\"https:\/\/cofarco.com.ar\/ar\/wp-content\/uploads\/2020\/11\/foto2-534x400.jpg\" alt=\"\" width=\"534\" height=\"400\" \/><\/p>\n","protected":false},"excerpt":{"rendered":"<p>Las instalaciones de Colegio de Farmac\u00e9uticos de la Provincia de Corrientes lucen modernas y renovadas tras la conclusi\u00f3n de un importante proyecto de refacci\u00f3n que inici\u00f3 en diciembre del 2019 y que concluy\u00f3 este a\u00f1o. El trabajo se concentr\u00f3 en el acceso, sal\u00f3n de usos m\u00faltiples, cocina, patio y departamentos, con el objetivo de brindar [&#8230;]\n","protected":false},"author":2,"featured_media":0,"comment_status":"open","ping_status":"open","sticky":false,"template":"","format":"standard","meta":{"footnotes":""},"categories":[71],"tags":[],"class_list":["post-5352","post","type-post","status-publish","format-standard","hentry","category-noticias"],"_links":{"self":[{"href":"https:\/\/cofarco.com.ar\/ar\/wp-json\/wp\/v2\/posts\/5352","targetHints":{"allow":["GET"]}}],"collection":[{"href":"https:\/\/cofarco.com.ar\/ar\/wp-json\/wp\/v2\/posts"}],"about":[{"href":"https:\/\/cofarco.com.ar\/ar\/wp-json\/wp\/v2\/types\/post"}],"author":[{"embeddable":true,"href":"https:\/\/cofarco.com.ar\/ar\/wp-json\/wp\/v2\/users\/2"}],"replies":[{"embeddable":true,"href":"https:\/\/cofarco.com.ar\/ar\/wp-json\/wp\/v2\/comments?post=5352"}],"version-history":[{"count":1,"href":"https:\/\/cofarco.com.ar\/ar\/wp-json\/wp\/v2\/posts\/5352\/revisions"}],"predecessor-version":[{"id":5362,"href":"https:\/\/cofarco.com.ar\/ar\/wp-json\/wp\/v2\/posts\/5352\/revisions\/5362"}],"wp:attachment":[{"href":"https:\/\/cofarco.com.ar\/ar\/wp-json\/wp\/v2\/media?parent=5352"}],"wp:term":[{"taxonomy":"category","embeddable":true,"href":"https:\/\/cofarco.com.ar\/ar\/wp-json\/wp\/v2\/categories?post=5352"},{"taxonomy":"post_tag","embeddable":true,"href":"https:\/\/cofarco.com.ar\/ar\/wp-json\/wp\/v2\/tags?post=5352"}],"curies":[{"name":"wp","href":"https:\/\/api.w.org\/{rel}","templated":true}]}}