{"id":5403,"date":"2020-11-12T11:43:15","date_gmt":"2020-11-12T14:43:15","guid":{"rendered":"http:\/\/cofarco.com.ar\/ar\/?p=5403"},"modified":"2020-12-11T13:01:57","modified_gmt":"2020-12-11T16:01:57","slug":"convocatoria-asamblea-general-ordinaria-cofarco-el-dia-04-12-2-020-modalidad-a-distancia","status":"publish","type":"post","link":"https:\/\/cofarco.com.ar\/ar\/2020\/11\/12\/convocatoria-asamblea-general-ordinaria-cofarco-el-dia-04-12-2-020-modalidad-a-distancia\/","title":{"rendered":"Se realiz\u00f3 la Asamblea General Ordinaria"},"content":{"rendered":"<p>De acuerdo a lo resuelto en la reuni\u00f3n del d\u00eda 30 de octubre, el Directorio del Colegio de Farmac\u00e9uticos de la Provincia de Corrientes convoc\u00f3 a los se\u00f1ores asociados a la ASAMBLEA GENERAL ORDINARIA que se realiz\u00f3\u00a0 con la modalidad a distancia, de conformidad a lo previsto en la Resoluci\u00f3n General N\u00b0 04 de Inspecci\u00f3n General de Personas Jur\u00eddicas, a trav\u00e9s de la plataforma virtual de reuniones Go To Meeting. El encuentro virtual tuvo lugar el viernes 04 de diciembre, en horas de la siesta.<\/p>\n<p><span style=\"font-size: 14.4px;\">Durante la asamblea, se puso a consideraci\u00f3n de los participantes y se aprob\u00f3 la memoria, balance general del ejercicio vencido, inventario, cuentas de gastos y recursos, e informe del \u00d3rgano de Fiscalizaci\u00f3n, documentaci\u00f3n que se dej\u00f3 a disposici\u00f3n y consideraci\u00f3n de los asociados con diez (10) d\u00edas de antelaci\u00f3n a la celebraci\u00f3n de la Asamblea.<\/span><\/p>\n<p>Asimismo, se procedi\u00f3 a la renovaci\u00f3n parcial de autoridades para ocupar los cargos de Presidente, Secretario, Vocal Titular 1\u00ba, Vocal Titular 3\u00ba, Vocal Suplente 2\u00ba, y un miembro del \u00d3rgano de Fiscalizaci\u00f3n por finalizaci\u00f3n de mandatos y por el t\u00e9rmino de dos (2) a\u00f1os. Tras la votaci\u00f3n, renov\u00f3 su mandato al frente de la presidencia la Farmac\u00e9utica Desiree Lancelle Monferrer.<\/p>\n<p>Asimismo, continuar\u00e1n en sus funciones los Farmac\u00e9uticos Diana Sonia Grilla (Secretaria) y Gustavo Ra\u00fal Parra (Tesorero). Como Vocal Titular 1ro. fue electo el Farmac\u00e9utico Ricardo Guillermo Peris, quien completa el directorio junto con los Farmac\u00e9uticos Claudio Norberto Acevedo (Vocal titular 2do.), Gonzalo Mar\u00edn (Vocal titular 3ro.), Ang\u00e9lica Aurora Fava (Vocal suplente 1ra.), Augusto Rius (Vocal suplente 2do.), Ernesto Rub\u00e9n Peris (Vocal suplente 3ro.), Horacio Esteban Leale (\u00d3rgano de Fiscalizaci\u00f3n); y Luis Alberto Gunther (\u00d3rgano de Fiscalizaci\u00f3n).<\/p>\n<p>&nbsp;<\/p>\n","protected":false},"excerpt":{"rendered":"<p>De acuerdo a lo resuelto en la reuni\u00f3n del d\u00eda 30 de octubre, el Directorio del Colegio de Farmac\u00e9uticos de la Provincia de Corrientes convoc\u00f3 a los se\u00f1ores asociados a la ASAMBLEA GENERAL ORDINARIA que se realiz\u00f3\u00a0 con la modalidad a distancia, de conformidad a lo previsto en la Resoluci\u00f3n General N\u00b0 04 de Inspecci\u00f3n [&#8230;]\n","protected":false},"author":2,"featured_media":0,"comment_status":"open","ping_status":"open","sticky":false,"template":"","format":"standard","meta":{"footnotes":""},"categories":[71],"tags":[],"class_list":["post-5403","post","type-post","status-publish","format-standard","hentry","category-noticias"],"_links":{"self":[{"href":"https:\/\/cofarco.com.ar\/ar\/wp-json\/wp\/v2\/posts\/5403","targetHints":{"allow":["GET"]}}],"collection":[{"href":"https:\/\/cofarco.com.ar\/ar\/wp-json\/wp\/v2\/posts"}],"about":[{"href":"https:\/\/cofarco.com.ar\/ar\/wp-json\/wp\/v2\/types\/post"}],"author":[{"embeddable":true,"href":"https:\/\/cofarco.com.ar\/ar\/wp-json\/wp\/v2\/users\/2"}],"replies":[{"embeddable":true,"href":"https:\/\/cofarco.com.ar\/ar\/wp-json\/wp\/v2\/comments?post=5403"}],"version-history":[{"count":4,"href":"https:\/\/cofarco.com.ar\/ar\/wp-json\/wp\/v2\/posts\/5403\/revisions"}],"predecessor-version":[{"id":5518,"href":"https:\/\/cofarco.com.ar\/ar\/wp-json\/wp\/v2\/posts\/5403\/revisions\/5518"}],"wp:attachment":[{"href":"https:\/\/cofarco.com.ar\/ar\/wp-json\/wp\/v2\/media?parent=5403"}],"wp:term":[{"taxonomy":"category","embeddable":true,"href":"https:\/\/cofarco.com.ar\/ar\/wp-json\/wp\/v2\/categories?post=5403"},{"taxonomy":"post_tag","embeddable":true,"href":"https:\/\/cofarco.com.ar\/ar\/wp-json\/wp\/v2\/tags?post=5403"}],"curies":[{"name":"wp","href":"https:\/\/api.w.org\/{rel}","templated":true}]}}