{"id":5437,"date":"2020-11-17T15:20:46","date_gmt":"2020-11-17T18:20:46","guid":{"rendered":"http:\/\/cofarco.com.ar\/ar\/?p=5437"},"modified":"2020-11-17T15:20:46","modified_gmt":"2020-11-17T18:20:46","slug":"semana-mundial-de-concientizacion-sobre-el-uso-de-los-antimicrobianos","status":"publish","type":"post","link":"https:\/\/cofarco.com.ar\/ar\/2020\/11\/17\/semana-mundial-de-concientizacion-sobre-el-uso-de-los-antimicrobianos\/","title":{"rendered":"Semana Mundial de Concientizaci\u00f3n sobre el uso de los Antimicrobianos"},"content":{"rendered":"<p>La Organizaci\u00f3n Panamericana de la Salud (OPS) y la Florida International University en el marco de la Semana Mundial de Concienciaci\u00f3n sobre el Uso de los Antimicrobianos (WAAW), invita a todos los interesados a participar de una serie de Webinarios titulada: RAM en Latinoam\u00e9rica y el Caribe: innovaciones y retos.<\/p>\n<p>Los eventos tendr\u00e1n lugar los d\u00edas 18, 19 y 20 de noviembre en horario de 9:30 a 13:30 (hora de Washington DC). A continuaci\u00f3n los temas de cada d\u00eda (adjuntas las agendas correspondientes):<\/p>\n<p>D\u00cdA 1:\u00a0 Nuevos desarrollos e innovaciones para abordar la RAM. Abordando la crisis en la innovaci\u00f3n y desarrollo de antimicrobianos.<br \/>\nD\u00cdA 2:\u00a0 Entendiendo y modificando el comportamiento para combatir la RAM en la comunidad.<br \/>\nD\u00cdA 3:\u00a0 Entendiendo y modificando el comportamiento para combatir la RAM en los profesionales de salud.<\/p>\n<p>Registro disponible en:<br \/>\n<a id=\"LPlnk548478\" href=\"https:\/\/www.essentia-medical.com\/fiu\/%3Chttps:\/\/www.essentia-medical.com\/fiu\/?fbclid=IwAR3bS6tsDTsWVLZ5pawotSN6xVsozqmIn1FK-Y1C7vnG_80TgkbIUKyjbaM\" target=\"_blank\" rel=\"noopener noreferrer\" data-auth=\"NotApplicable\">https:\/\/www.essentia-medical.com\/fiu\/&lt;https:\/\/www.essentia-medical.com\/fiu\/?fbclid=IwAR3bS6tsDTsWVLZ5pawotSN6xVsozqmIn1FK-Y1C7vnG_80TgkbIUKyjbaM<\/a>\u00a0(se contar\u00e1 con traducci\u00f3n simult\u00e1nea<br \/>\ningl\u00e9s-espa\u00f1ol*)<\/p>\n<p>Sin otro particular, saludamos a ustedes atentamente.-<br \/>\nCOFARCO.-<\/p>\n\n<div class=\"gde-error\">GDE Error: Error al recuperar el fichero. Si es necesario, desactiva la comprobaci\u00f3n de errores (404:Not Found)<\/div>\n <img fetchpriority=\"high\" decoding=\"async\" class=\"alignnone size-medium wp-image-5439\" src=\"https:\/\/cofarco.com.ar\/ar\/wp-content\/uploads\/2020\/11\/WAAW-Webinar-Series-2020-Flyer-307x400.jpeg\" alt=\"\" width=\"307\" height=\"400\" \/><\/p>\n","protected":false},"excerpt":{"rendered":"<p>La Organizaci\u00f3n Panamericana de la Salud (OPS) y la Florida International University en el marco de la Semana Mundial de Concienciaci\u00f3n sobre el Uso de los Antimicrobianos (WAAW), invita a todos los interesados a participar de una serie de Webinarios titulada: RAM en Latinoam\u00e9rica y el Caribe: innovaciones y retos. Los eventos tendr\u00e1n lugar los [&#8230;]\n","protected":false},"author":2,"featured_media":0,"comment_status":"open","ping_status":"open","sticky":false,"template":"","format":"standard","meta":{"footnotes":""},"categories":[1],"tags":[],"class_list":["post-5437","post","type-post","status-publish","format-standard","hentry","category-uncategorized"],"_links":{"self":[{"href":"https:\/\/cofarco.com.ar\/ar\/wp-json\/wp\/v2\/posts\/5437","targetHints":{"allow":["GET"]}}],"collection":[{"href":"https:\/\/cofarco.com.ar\/ar\/wp-json\/wp\/v2\/posts"}],"about":[{"href":"https:\/\/cofarco.com.ar\/ar\/wp-json\/wp\/v2\/types\/post"}],"author":[{"embeddable":true,"href":"https:\/\/cofarco.com.ar\/ar\/wp-json\/wp\/v2\/users\/2"}],"replies":[{"embeddable":true,"href":"https:\/\/cofarco.com.ar\/ar\/wp-json\/wp\/v2\/comments?post=5437"}],"version-history":[{"count":1,"href":"https:\/\/cofarco.com.ar\/ar\/wp-json\/wp\/v2\/posts\/5437\/revisions"}],"predecessor-version":[{"id":5440,"href":"https:\/\/cofarco.com.ar\/ar\/wp-json\/wp\/v2\/posts\/5437\/revisions\/5440"}],"wp:attachment":[{"href":"https:\/\/cofarco.com.ar\/ar\/wp-json\/wp\/v2\/media?parent=5437"}],"wp:term":[{"taxonomy":"category","embeddable":true,"href":"https:\/\/cofarco.com.ar\/ar\/wp-json\/wp\/v2\/categories?post=5437"},{"taxonomy":"post_tag","embeddable":true,"href":"https:\/\/cofarco.com.ar\/ar\/wp-json\/wp\/v2\/tags?post=5437"}],"curies":[{"name":"wp","href":"https:\/\/api.w.org\/{rel}","templated":true}]}}