{"id":544,"date":"2015-06-04T01:52:36","date_gmt":"2015-06-04T01:52:36","guid":{"rendered":"http:\/\/www.cofarco.com.ar\/?p=544"},"modified":"2015-06-04T01:52:36","modified_gmt":"2015-06-04T01:52:36","slug":"curso-introduccion-a-las-terapias-biotecnicas-parte-ii","status":"publish","type":"post","link":"https:\/\/cofarco.com.ar\/ar\/2015\/06\/04\/curso-introduccion-a-las-terapias-biotecnicas-parte-ii\/","title":{"rendered":"Curso: Introducci\u00f3n a las Terapias Biot\u00e9cnicas-Parte II"},"content":{"rendered":"<p>A partir del 15 de junio se dictar\u00e1 el curso e-learning \u201cIntroducci\u00f3n a las Terapias Biot\u00e9cnicas-Parte II\u201d que coordina la Confederaci\u00f3n Farmac\u00e9utica Argentina \u00a0(COFA), bajo la direcci\u00f3n de los doctores Ester Falinger y Carlos Manassero.<\/p>\n<p>La capacitaci\u00f3n comprende 3 m\u00f3dulos sobre diferentes temas que se consideran fundamentales para informar, asesorar y comunicar a los pacientes ambulatorios y a sus familiares, sobre el uso de medicamentos biotecnol\u00f3gicos. S\u00f3lo podr\u00e1n inscribirse aquellos que tengan aprobado el curso \u201cIntroducci\u00f3n a las Terapias Biotecnol\u00f3gicas \u2013 Parte II\u201d, sin excepci\u00f3n.<\/p>\n<p>Cada m\u00f3dulo estar\u00e1 disponible a trav\u00e9s de la p\u00e1gina de COFA, en forma secuencial hasta completar el \u00faltimo de los temas desarrollados. La carga horaria es de 100 horas c\u00e1tedras, con 6 cr\u00e9ditos para la Certificaci\u00f3n y Rectificaci\u00f3n profesional, comenzando el 15 de junio de 2015.<\/p>\n<p>Los farmac\u00e9uticos podr\u00e1n inscribirse hasta el 10 de junio de 2015 en sus respectivos Colegios.<\/p>\n<p>Este curso sobre \u201cIntroducci\u00f3n a las Terapias Biotecnol\u00f3gicas\u201d trata de abordar las nuevas estrategias terap\u00e9uticas con los medicamentos biol\u00f3gicos y biotecnol\u00f3gicos, que es fundamental para nuestro desarrollo profesional. Tiene por objetivo que los participantes puedan conocer los aspectos bio\u00e9ticos y sociales de la ingenier\u00eda gen\u00e9tica, la importancia de la terapia g\u00e9nica, los nuevos tratamientos con los medicamentos biol\u00f3gicos y su importancia en la terap\u00e9utica actual, y la evaluaci\u00f3n de costos\u00a0 de la terap\u00e9utica con los medicamentos de alto costo.<\/p>\n<p><b>Direcci\u00f3n:<\/b>\u00a0Prof. Dr. Carlos Manassero y Prof. Dra Ester Filinger<\/p>\n<p>Expertos de contenidos y Tutor\u00edas:<\/p>\n<p>Prof. Dra.\u00a0Ester Filinger\u00a0<a href=\"mailto:efilinger@cofa.org.ar\">efilinger@cofa.org.ar<\/a><\/p>\n<p>Prof. Dra. Gabriela Giornelli \u00a0<a href=\"mailto:gabgiornelli@hotmail.com\">gabgiornelli@hotmail.com<\/a><\/p>\n<p>Prof. Dr. Carlos Manassero\u00a0<a href=\"mailto:camanassero@gmail.com\">camanassero@gmail.com<\/a><\/p>\n<p>Prof. Dra. Diana Parma\u00a0<a href=\"mailto:dlparma@yahoo.com\">dlparma@yahoo.com<\/a><\/p>\n<p>Coordinaci\u00f3n: Dra. Laura Berns y Dr. Jos\u00e9 Ruggieri<\/p>\n<p><b>Metodolog\u00eda:<\/b>\u00a0Cada m\u00f3dulo ser\u00e1 de tres semanas de duraci\u00f3n y tendr\u00e1 una evaluaci\u00f3n parcial sobre el tema tratado.<\/p>\n<p>Evaluaciones \u00a0integrativa al final II parte y certificado de aprobaci\u00f3n.<\/p>\n<p><b>Valor de inscripci\u00f3n parte II<\/b>: $ 680<\/p>\n<p><b>Inicio<\/b>: 15 de junio de 2015<\/p>\n<p align=\"center\"><b><span style=\"text-decoration: underline;\">PROGRAMA \u00a0Parte II<\/span><\/b><\/p>\n<p><b>M\u00f3dulo 1: Bio\u00e9tica ante la manipulaci\u00f3n gen\u00e9tica<\/b><\/p>\n<p>Introducci\u00f3n general a la Bio\u00e9tica cl\u00ednica y social. Principios de beneficencia unido a no maleficencia, de justicia y de autonom\u00eda. Reglas. Organizaci\u00f3n tem\u00e1tica de la bio\u00e9tica. Directrices legales de la ingenier\u00eda gen\u00e9tica. Problemas \u00e9ticos relacionados con el proyecto Genoma Humano. Reflexi\u00f3n \u00e9tica ante la manipulaci\u00f3n gen\u00e9tica.<\/p>\n<p>&nbsp;<\/p>\n<p><b>M\u00f3dulo 2: Terapia g\u00e9nica<\/b><\/p>\n<p>Terapia g\u00e9nica: concepto y objetivos. Criterios para seleccionar una enfermedad como candidata al tratamiento mediante terapia g\u00e9nica. Estrategias y m\u00e9todos de transferencia g\u00e9nica. Protocolos a seguir\u00a0 y limitaciones de las terapias.<\/p>\n<p>&nbsp;<\/p>\n<p><b>M\u00f3dulo 3: Anticuerpos monoclonales espec\u00edficos<\/b><\/p>\n<p>Mecanismo de acci\u00f3n de los distintos anticuerpos monoclonales. Reacciones adversas inmediatas. Reacciones adversas esperadas a largo plazo. Precauciones y advertencias\u00a0 a tener en cuenta en cada anticuerpo monoclonal. Farmacovigilancia.<\/p>\n","protected":false},"excerpt":{"rendered":"<p>A partir del 15 de junio se dictar\u00e1 el curso e-learning \u201cIntroducci\u00f3n a las Terapias Biot\u00e9cnicas-Parte II\u201d que coordina la Confederaci\u00f3n Farmac\u00e9utica Argentina \u00a0(COFA), bajo la direcci\u00f3n de los doctores Ester Falinger y Carlos Manassero. La capacitaci\u00f3n comprende 3 m\u00f3dulos sobre diferentes temas que se consideran fundamentales para informar, asesorar y comunicar a los pacientes [&#8230;]\n","protected":false},"author":1,"featured_media":0,"comment_status":"open","ping_status":"open","sticky":false,"template":"","format":"standard","meta":{"footnotes":""},"categories":[72],"tags":[],"class_list":["post-544","post","type-post","status-publish","format-standard","hentry","category-sin-categoria"],"_links":{"self":[{"href":"https:\/\/cofarco.com.ar\/ar\/wp-json\/wp\/v2\/posts\/544","targetHints":{"allow":["GET"]}}],"collection":[{"href":"https:\/\/cofarco.com.ar\/ar\/wp-json\/wp\/v2\/posts"}],"about":[{"href":"https:\/\/cofarco.com.ar\/ar\/wp-json\/wp\/v2\/types\/post"}],"author":[{"embeddable":true,"href":"https:\/\/cofarco.com.ar\/ar\/wp-json\/wp\/v2\/users\/1"}],"replies":[{"embeddable":true,"href":"https:\/\/cofarco.com.ar\/ar\/wp-json\/wp\/v2\/comments?post=544"}],"version-history":[{"count":0,"href":"https:\/\/cofarco.com.ar\/ar\/wp-json\/wp\/v2\/posts\/544\/revisions"}],"wp:attachment":[{"href":"https:\/\/cofarco.com.ar\/ar\/wp-json\/wp\/v2\/media?parent=544"}],"wp:term":[{"taxonomy":"category","embeddable":true,"href":"https:\/\/cofarco.com.ar\/ar\/wp-json\/wp\/v2\/categories?post=544"},{"taxonomy":"post_tag","embeddable":true,"href":"https:\/\/cofarco.com.ar\/ar\/wp-json\/wp\/v2\/tags?post=544"}],"curies":[{"name":"wp","href":"https:\/\/api.w.org\/{rel}","templated":true}]}}